{"id":2027,"date":"2024-08-21T08:25:40","date_gmt":"2024-08-21T07:25:40","guid":{"rendered":"https:\/\/www.coulissesduchef.com\/site\/?p=2027"},"modified":"2024-09-04T09:51:07","modified_gmt":"2024-09-04T08:51:07","slug":"ur-les-traces-de-la-sauce-bearnaise-au-pavillon-henri-iv","status":"publish","type":"post","link":"https:\/\/www.coulissesduchef.com\/site\/ur-les-traces-de-la-sauce-bearnaise-au-pavillon-henri-iv\/","title":{"rendered":"Sur les traces de la Sauce B\u00e9arnaise\u2026 au Pavillon Henri IV"},"content":{"rendered":"<p>[et_pb_section fb_built=\u00a0\u00bb1&Prime; admin_label=\u00a0\u00bbsection\u00a0\u00bb _builder_version=\u00a0\u00bb4.16&Prime; custom_padding=\u00a0\u00bb||0px|||\u00a0\u00bb global_colors_info=\u00a0\u00bb{}\u00a0\u00bb][et_pb_row admin_label=\u00a0\u00bbrow\u00a0\u00bb _builder_version=\u00a0\u00bb4.16&Prime; background_size=\u00a0\u00bbinitial\u00a0\u00bb background_position=\u00a0\u00bbtop_left\u00a0\u00bb background_repeat=\u00a0\u00bbrepeat\u00a0\u00bb custom_margin=\u00a0\u00bb-84px|auto||auto||\u00a0\u00bb global_colors_info=\u00a0\u00bb{}\u00a0\u00bb][et_pb_column type=\u00a0\u00bb4_4&Prime; _builder_version=\u00a0\u00bb4.16&Prime; custom_padding=\u00a0\u00bb|||\u00a0\u00bb global_colors_info=\u00a0\u00bb{}\u00a0\u00bb custom_padding__hover=\u00a0\u00bb|||\u00a0\u00bb][et_pb_text admin_label=\u00a0\u00bbText\u00a0\u00bb _builder_version=\u00a0\u00bb4.16&Prime; background_size=\u00a0\u00bbinitial\u00a0\u00bb background_position=\u00a0\u00bbtop_left\u00a0\u00bb background_repeat=\u00a0\u00bbrepeat\u00a0\u00bb global_colors_info=\u00a0\u00bb{}\u00a0\u00bb]<!-- divi:paragraph --><\/p>\n<p><span style=\"font-size: large;\">Parmi les basiques de la cuisine : l\u2019art de ma\u00eetriser les sauces ! Et parmi elles, l\u2019une des plus classiques pour rehausser viandes rouges et poissons, c\u2019est bien \u00e9videmment la B\u00e9arnaise. Qui dit B\u00e9arn pourrait bien faire penser \u00e0 notre cher Roi Henri IV. Mais ce n\u2019est pas si simple\u2026 Car si cette sauce \u00e9voque le Vert Galant originaire du B\u00e9arn, elle a \u00e9t\u00e9 invent\u00e9e en r\u00e9gion parisienne au XIXe si\u00e8cle par un certain Jean-Louis-Fran\u00e7ois Collinet.<\/span><\/p>\n<p><span style=\"font-size: large;\">Bien inspir\u00e9, ce chef travaillait comme cuisinier au restaurant Pavillon Henri IV \u00e0 Saint-Germain-en-Laye, dans le lieu-m\u00eame o\u00f9 naquit le Roi Soleil (lire\u00a0<a href=\"https:\/\/blogs.cotemaison.fr\/chemin-lisant\/2023\/12\/01\/le-pavillon-henri-iv-la-vie-de-chateau-a-30-min-de-paris\/\">mon pr\u00e9c\u00e9dent article<\/a>). \u00c0 l\u2019origine de nombreuses recettes, pr\u00e9side souvent un accident\u2026 au final heureux. En l\u2019occurrence,c\u2019est \u00e0 partir de sa r\u00e9duction d\u2019\u00e9chalote mal ma\u00eetris\u00e9e qu\u2019il eut l\u2019id\u00e9e de la rattraper en ajoutant un jaune d\u2019\u0153uf, puis il la monta au beurre. Le r\u00e9sultat \u00e9tant concluant, il conserva la recette en la baptisant \u00ab\u00a0B\u00e9arnaise\u00a0\u00bb en hommage au buste du Roi Henri IV qui tr\u00f4nait dans la salle de l\u2019\u00e9tablissement\u00a0!<\/span><\/p>\n<p><span style=\"font-size: large;\">Une autre version ferait de Collinet le co-inventeur de la b\u00e9arnaise. En 1879, on peut lire dans le journal La France \u00ab\u00a0<em>Sachez que c\u2019est \u00e0 Dumas-Collinet que vous devez les lapereaux-en-caisse, et \u00e0 Colinet-Dumas qu\u2019est due cette sauce exquise, \u00e9ternel honneur de la cuisine fran\u00e7aise, qui, sous le nom de sauce b\u00e9arnaise, met une note dor\u00e9e et joyeuse sur le bronze s\u00e9v\u00e8re des sombres entrec\u00f4te<\/em><em>s<\/em>.\u00a0\u00bb Et Dans le recueil intitul\u00e9\u00a0\u00ab\u00a0<em>Histoire de mes b\u00eates\u00a0\u00bb<\/em>\u00a0et publi\u00e9 pour la premi\u00e8re fois en 1867, Alexandre Dumas mentionne\u00a0\u00ab\u00a0[son] voisin et ami Collinet, [son] comp\u00e8re en art culinaire, et le propagateur, sinon l\u2019inventeur, des c\u00f4telettes \u00e0 la b\u00e9arnaise\u00a0\u00bb, formule qui pourrait laisser sous-entendre que Collinet n\u2019est pas le seul cr\u00e9ateur de la recette (source Wikip\u00e9dia). Cela est coh\u00e9rent car la propri\u00e9t\u00e9 de Dumas, le Ch\u00e2teau de Monte-Cristo, est \u00e0 deux pas, et l\u2019on conna\u00eet la passion de l\u2019auteur des\u00a0<em>Trois Mousquetaires<\/em>\u00a0pour la cuisine, lui qui publia son\u00a0<em>Grand dictionnaire de cuisine<\/em>.<\/span><\/p>\n<p><span style=\"font-size: large;\">L\u2019enqu\u00eate reste ouverte pour tous les historiens et gourmets mais dans l\u2019imm\u00e9diat, je vous invite \u00e0 vous ex\u00e9cuter, en suivant cette recette rappel\u00e9e ici par le chef qui officie au Pavillon Henri IV, Olivier Bert\u00e9.<\/span><\/p>\n<p><span style=\"font-size: large;\">Et si la paresse l\u2019emporte, sachez qu\u2019il vous suffit de r\u00e9server une table en allant la d\u00e9guster sur place. En une bouch\u00e9e, vous pourrez alors imaginer ceux qui eurent le privil\u00e8ge de d\u00e9guster en avant-premi\u00e8re cette sauce qui allait devenir un must dans la gastronomie fran\u00e7aise.\u00a0 \u00c0 noter que le chef Olivier Bert\u00e9 propose \u00e9galement des cours de cuisine pour des particuliers et des groupes au sein de son propre atelier.<\/span><\/p>\n<p><span style=\"font-size: large;\"><!-- \/divi:paragraph --><\/span><\/p>\n<p><span style=\"font-size: large;\"><!-- \/divi:image --><\/span><\/p>\n<p><span style=\"font-size: large;\">Le chef Olivier Bert\u00e9 en cuisine au Pavillon Henri IV<\/span><\/p>\n<p><span style=\"font-size: large;\"><!-- \/divi:paragraph --><\/span><\/p>\n<p><span style=\"font-size: large;\"><!-- divi:paragraph --><\/span><\/p>\n<p><span style=\"font-size: large;\"><strong>Recette pour 4 personnes \u2013\u00a0<\/strong><strong>Temps de r\u00e9alisation\u00a0: 10 minutes \u2013\u00a0<\/strong><strong>Temps de cuisson : 10 minutes<\/strong><\/span><\/p>\n<p><span style=\"font-size: large;\"><!-- \/divi:paragraph --><\/span><\/p>\n<p><span style=\"font-size: large;\"><!-- divi:paragraph --><\/span><\/p>\n<p>Ingr\u00e9dient<\/p>\n<p>250 g de beurre doux<\/p>\n<p>5 jaunes d\u2019oeufs<\/p>\n<p>4 cl de vinaigre de cidre ou d\u2019alcool<\/p>\n<p>2 \u00e9chalotes<\/p>\n<p>3 tiges d\u2019estragon\u00a0<\/p>\n<p>1 cuill\u00e8re \u00e0 soupe de poivre concass\u00e9<\/p>\n<p>sel et poivre du moulin.<\/p>\n<p>Pr\u00e9paration\u00a0:\u00a0<\/p>\n<p>Clarifier le beurre.<\/p>\n<p>Ciseler les \u00e9chalotes et hacher grossi\u00e8rement l\u2019estragon en gardant une partie de l\u2019estragon pour la finition.<\/p>\n<p>R\u00e9unir dans une casserole le vinaigre, les \u00e9chalotes, une partie de l\u2019estragon ainsi que le poivre concass\u00e9.<\/p>\n<p>Laisser r\u00e9duire au \u00be \u00e0 feu moyen.<\/p>\n<p>Passer au chinois la r\u00e9duction refroidie de pr\u00e9f\u00e9rence.<\/p>\n<p>Ajouter les jaunes d\u2019\u0153ufs hors du feu.<\/p>\n<p>M\u00e9langer vivement au fouet avec un mouvement r\u00e9gulier dit \u00ab\u00a0en huit\u00a0\u00bb.<\/p>\n<p>Poursuivre l\u2019\u00e9mulsion \u00e0 feu doux et contr\u00f4ler la coagulation.<\/p>\n<p>Obtenir une mousse cr\u00e9meuse semblable \u00e0 un sabayon.<\/p>\n<p>D\u00e8s que la temp\u00e9rature approche les 60\u00b0C, retirer la casserole du feu.<\/p>\n<p>Incorporer ensuite le beurre clarifi\u00e9 comme on incorpore de l\u2019huile dans une mayonnaise.<\/p>\n<p>Si la sauce s\u2019\u00e9paissit trop, rajouter simplement quelques gouttes d\u2019eau ti\u00e8de.\u00a0<\/p>\n<p><span style=\"font-size: large;\"><!-- \/divi:list-item --><\/span><\/p>\n<p><span style=\"font-size: large;\"><!-- \/divi:list --><\/span><\/p>\n<p><span style=\"font-size: large;\"><!-- divi:paragraph --><\/span><\/p>\n<p><span style=\"font-size: large;\">Si vous souhaitez d\u00e9couvrir le Pavillon Henri IV\u00a0:\u00a0<a href=\"https:\/\/www.pavillonhenri4.fr\/\">H\u00f4tel Pavillon Henri IV<\/a>\u00a0\u2013 19, Rue Thiers \u2013 78100 Saint Germain-en-Laye \u2013 T\u00e9l. 01 39 10 15 15<\/span><\/p>\n<p><span style=\"font-size: large;\"><!-- \/divi:paragraph --><\/span><\/p>\n<p><span style=\"font-size: large;\"><!-- divi:paragraph --><\/span><\/p>\n<p><span style=\"font-size: large;\">Si vous souhaitez vous perfectionner\u00a0:\u00a0<a href=\"http:\/\/www.coursdecuisineparis.com\/\">www.coursdecuisineparis.com<\/a><\/span>\u00a0<\/p>\n<p>&nbsp;<\/p>\n<p>&nbsp;<\/p>\n<p>&nbsp;<\/p>\n<p><!-- \/divi:paragraph -->[\/et_pb_text][\/et_pb_column][\/et_pb_row][\/et_pb_section]<\/p>\n","protected":false},"excerpt":{"rendered":"<p>Parmi les basiques de la cuisine : l\u2019art de ma\u00eetriser les sauces ! Et parmi elles, l\u2019une des plus classiques pour rehausser viandes rouges et poissons, c\u2019est bien \u00e9videmment la B\u00e9arnaise. Qui dit B\u00e9arn pourrait bien faire penser \u00e0 notre cher Roi Henri IV. Mais ce n\u2019est pas si simple\u2026 Car si cette sauce \u00e9voque [&hellip;]<\/p>\n","protected":false},"author":2,"featured_media":0,"comment_status":"closed","ping_status":"closed","sticky":true,"template":"","format":"standard","meta":{"_et_pb_use_builder":"on","_et_pb_old_content":"<!-- wp:paragraph -->\n<p>Parmi les basiques de la cuisine&nbsp;: l\u2019art de ma\u00eetriser les sauces&nbsp;! Et parmi elles, l\u2019une des plus classiques pour rehausser viandes rouges et poissons, c\u2019est bien \u00e9videmment la B\u00e9arnaise. Qui dit B\u00e9arn pourrait bien faire penser \u00e0 notre cher roi Henri IV. Mais ce n\u2019est pas si simple\u2026 Car si cette sauce \u00e9voque le Vert Galant originaire du B\u00e9arn, elle a \u00e9t\u00e9 invent\u00e9e en r\u00e9gion parisienne au XIXe&nbsp;si\u00e8cle par un certain Jean-Louis-Fran\u00e7ois Collinet.<\/p>\n<!-- \/wp:paragraph -->\n\n<!-- wp:paragraph -->\n<p>Bien inspir\u00e9, ce chef travaillait comme cuisinier au restaurant Pavillon Henri IV \u00e0 Saint-Germain-en-Laye, dans le lieu-m\u00eame o\u00f9 naquit le Roi Soleil (lire&nbsp;<a href=\"https:\/\/blogs.cotemaison.fr\/chemin-lisant\/2023\/12\/01\/le-pavillon-henri-iv-la-vie-de-chateau-a-30-min-de-paris\/\">mon pr\u00e9c\u00e9dent article<\/a>). \u00c0 l\u2019origine de nombreuses recettes, pr\u00e9side souvent un accident\u2026 au final heureux. En l\u2019occurrence,c\u2019est \u00e0 partir de sa r\u00e9duction d\u2019\u00e9chalote mal ma\u00eetris\u00e9e qu\u2019il eut l\u2019id\u00e9e de la rattraper en ajoutant un jaune d\u2019\u0153uf, puis il la monta au beurre. Le r\u00e9sultat \u00e9tant concluant, il conserva la recette en la baptisant \u00ab&nbsp;B\u00e9arnaise&nbsp;\u00bb en hommage au buste du Roi Henri IV qui tr\u00f4nait dans la salle de l\u2019\u00e9tablissement&nbsp;!<\/p>\n<!-- \/wp:paragraph -->\n\n<!-- wp:paragraph -->\n<p>Une autre version ferait de Collinet le co-inventeur de la b\u00e9arnaise. En 1879, on peut lire dans le journal La France \u00ab&nbsp;<em>Sachez que c\u2019est \u00e0 Dumas-Collinet que vous devez les lapereaux-en-caisse, et \u00e0 Colinet-Dumas qu\u2019est due cette sauce exquise, \u00e9ternel honneur de la cuisine fran\u00e7aise, qui, sous le nom de sauce b\u00e9arnaise, met une note dor\u00e9e et joyeuse sur le bronze s\u00e9v\u00e8re des sombres entrec\u00f4te<\/em><em>s<\/em>.&nbsp;\u00bb Et Dans le recueil intitul\u00e9&nbsp;\u00ab&nbsp;<em>Histoire de mes b\u00eates&nbsp;\u00bb<\/em>&nbsp;et publi\u00e9 pour la premi\u00e8re fois en 1867, Alexandre Dumas mentionne&nbsp;\u00ab&nbsp;[son] voisin et ami Collinet, [son] comp\u00e8re en art culinaire, et le propagateur, sinon l\u2019inventeur, des c\u00f4telettes \u00e0 la b\u00e9arnaise&nbsp;\u00bb, formule qui pourrait laisser sous-entendre que Collinet n\u2019est pas le seul cr\u00e9ateur de la recette (source Wikip\u00e9dia). Cela est coh\u00e9rent car la propri\u00e9t\u00e9 de Dumas, le Ch\u00e2teau de Monte-Cristo, est \u00e0 deux pas, et l\u2019on conna\u00eet la passion de l\u2019auteur des&nbsp;<em>Trois Mousquetaires<\/em>&nbsp;pour la cuisine, lui qui publia son&nbsp;<em>Grand dictionnaire de cuisine<\/em>.<\/p>\n<!-- \/wp:paragraph -->\n\n<!-- wp:paragraph -->\n<p>L\u2019enqu\u00eate reste ouverte pour tous les historiens et gourmets mais dans l\u2019imm\u00e9diat, je vous invite \u00e0 vous ex\u00e9cuter, en suivant cette recette rappel\u00e9e ici par le chef qui officie au Pavillon Henri IV, Olivier Bert\u00e9.<\/p>\n<!-- \/wp:paragraph -->\n\n<!-- wp:paragraph -->\n<p>Et si la paresse l\u2019emporte, sachez qu\u2019il vous suffit de r\u00e9server une table en allant la d\u00e9guster sur place. En une bouch\u00e9e, vous pourrez alors imaginer ceux qui eurent le privil\u00e8ge de d\u00e9guster en avant-premi\u00e8re cette sauce qui allait devenir un must dans la gastronomie fran\u00e7aise.&nbsp; \u00c0 noter que le chef Olivier Bert\u00e9 propose \u00e9galement des cours de cuisine pour des particuliers et des groupes au sein de son propre atelier.<\/p>\n<!-- \/wp:paragraph -->\n\n<!-- wp:image {\"id\":24592} -->\n<figure class=\"wp-block-image\"><img src=\"https:\/\/blogs.cotemaison.fr\/chemin-lisant\/wp-content\/blogs.dir\/641\/files\/2024\/02\/Chef-Olivier-Berte-495x600.jpeg\" alt=\"Le chef Olivier Bert\u00e9 en cuisine au Pavillon Henri IV\" class=\"wp-image-24592\"\/><\/figure>\n<!-- \/wp:image -->\n\n<!-- wp:paragraph -->\n<p>Le chef Olivier Bert\u00e9 en cuisine au Pavillon Henri IV<\/p>\n<!-- \/wp:paragraph -->\n\n<!-- wp:paragraph -->\n<p><strong>Recette pour 4 personnes \u2013&nbsp;<\/strong><strong>Temps de r\u00e9alisation&nbsp;: 10 minutes \u2013&nbsp;<\/strong><strong>Temps de cuisson&nbsp;: 10 minutes<\/strong><\/p>\n<!-- \/wp:paragraph -->\n\n<!-- wp:paragraph -->\n<p><strong><em>Ingr\u00e9dients&nbsp;:<\/em><\/strong><\/p>\n<!-- \/wp:paragraph -->\n\n<!-- wp:list -->\n<ul class=\"wp-block-list\"><!-- wp:list-item -->\n<li><em>250 g de beurre doux<\/em><\/li>\n<!-- \/wp:list-item -->\n\n<!-- wp:list-item -->\n<li><em>5 jaunes d\u2019oeufs<\/em><\/li>\n<!-- \/wp:list-item -->\n\n<!-- wp:list-item -->\n<li><em>4 cl de vinaigre de cidre ou d\u2019alcool<\/em><\/li>\n<!-- \/wp:list-item -->\n\n<!-- wp:list-item -->\n<li><em>2 \u00e9chalotes<\/em><\/li>\n<!-- \/wp:list-item -->\n\n<!-- wp:list-item -->\n<li><em>3 tiges d\u2019estragon\u00a0<\/em><\/li>\n<!-- \/wp:list-item -->\n\n<!-- wp:list-item -->\n<li><em>1 cuill\u00e8re \u00e0 soupe de poivre concass\u00e9<\/em><\/li>\n<!-- \/wp:list-item -->\n\n<!-- wp:list-item -->\n<li><em>sel et poivre du moulin.<\/em><\/li>\n<!-- \/wp:list-item --><\/ul>\n<!-- \/wp:list -->\n\n<!-- wp:paragraph -->\n<p><strong>Pr\u00e9paration&nbsp;:<\/strong><\/p>\n<!-- \/wp:paragraph -->\n\n<!-- wp:list -->\n<ul class=\"wp-block-list\"><!-- wp:list-item -->\n<li>Clarifier le beurre.<\/li>\n<!-- \/wp:list-item -->\n\n<!-- wp:list-item -->\n<li>Ciseler les \u00e9chalotes et hacher grossi\u00e8rement l\u2019estragon en gardant une partie de l\u2019estragon pour la finition.<\/li>\n<!-- \/wp:list-item -->\n\n<!-- wp:list-item -->\n<li>R\u00e9unir dans une casserole le vinaigre, les \u00e9chalotes, une partie de l\u2019estragon ainsi que le poivre concass\u00e9.<\/li>\n<!-- \/wp:list-item -->\n\n<!-- wp:list-item -->\n<li>Laisser r\u00e9duire au \u00be \u00e0 feu moyen.<\/li>\n<!-- \/wp:list-item -->\n\n<!-- wp:list-item -->\n<li>Passer au chinois la r\u00e9duction refroidie de pr\u00e9f\u00e9rence.<\/li>\n<!-- \/wp:list-item -->\n\n<!-- wp:list-item -->\n<li>Ajouter les jaunes d\u2019\u0153ufs hors du feu.<\/li>\n<!-- \/wp:list-item -->\n\n<!-- wp:list-item -->\n<li>M\u00e9langer vivement au fouet avec un mouvement r\u00e9gulier dit \u00ab\u00a0en huit\u00a0\u00bb.<\/li>\n<!-- \/wp:list-item -->\n\n<!-- wp:list-item -->\n<li>Poursuivre l\u2019\u00e9mulsion \u00e0 feu doux et contr\u00f4ler la coagulation.<\/li>\n<!-- \/wp:list-item -->\n\n<!-- wp:list-item -->\n<li>Obtenir une mousse cr\u00e9meuse semblable \u00e0 un sabayon.<\/li>\n<!-- \/wp:list-item -->\n\n<!-- wp:list-item -->\n<li>D\u00e8s que la temp\u00e9rature approche les 60\u00b0C, retirer la casserole du feu.<\/li>\n<!-- \/wp:list-item -->\n\n<!-- wp:list-item -->\n<li>Incorporer ensuite le beurre clarifi\u00e9 comme on incorpore de l\u2019huile dans une mayonnaise.<\/li>\n<!-- \/wp:list-item -->\n\n<!-- wp:list-item -->\n<li>Si la sauce s\u2019\u00e9paissit trop, rajouter simplement quelques gouttes d\u2019eau ti\u00e8de.<\/li>\n<!-- \/wp:list-item --><\/ul>\n<!-- \/wp:list -->\n\n<!-- wp:paragraph -->\n<p>Si vous souhaitez d\u00e9couvrir le Pavillon Henri IV&nbsp;:&nbsp;<a href=\"https:\/\/www.pavillonhenri4.fr\/\">H\u00f4tel Pavillon Henri IV<\/a>&nbsp;\u2013 19, Rue Thiers \u2013 78100 Saint Germain-en-Laye \u2013 T\u00e9l. 01 39 10 15 15<\/p>\n<!-- \/wp:paragraph -->\n\n<!-- wp:paragraph -->\n<p>Si vous souhaitez vous perfectionner&nbsp;:&nbsp;<a href=\"http:\/\/www.coursdecuisineparis.com\/\">www.coursdecuisineparis.com<\/a><\/p>\n<!-- \/wp:paragraph -->","_et_gb_content_width":"2880","footnotes":""},"categories":[6],"tags":[],"class_list":["post-2027","post","type-post","status-publish","format-standard","hentry","category-blog"],"yoast_head":"<!-- This site is optimized with the Yoast SEO plugin v27.5 - https:\/\/yoast.com\/product\/yoast-seo-wordpress\/ -->\n<title>Sur les traces de la Sauce B\u00e9arnaise\u2026 au Pavillon Henri IV - Cours de cuisine \u00e0 Paris<\/title>\n<meta name=\"robots\" content=\"index, follow, max-snippet:-1, max-image-preview:large, max-video-preview:-1\" \/>\n<link rel=\"canonical\" href=\"https:\/\/www.coulissesduchef.com\/site\/ur-les-traces-de-la-sauce-bearnaise-au-pavillon-henri-iv\/\" \/>\n<meta property=\"og:locale\" content=\"fr_FR\" \/>\n<meta property=\"og:type\" content=\"article\" \/>\n<meta property=\"og:title\" content=\"Sur les traces de la Sauce B\u00e9arnaise\u2026 au Pavillon Henri IV - Cours de cuisine \u00e0 Paris\" \/>\n<meta property=\"og:description\" content=\"Parmi les basiques de la cuisine : l\u2019art de ma\u00eetriser les sauces ! Et parmi elles, l\u2019une des plus classiques pour rehausser viandes rouges et poissons, c\u2019est bien \u00e9videmment la B\u00e9arnaise. Qui dit B\u00e9arn pourrait bien faire penser \u00e0 notre cher Roi Henri IV. Mais ce n\u2019est pas si simple\u2026 Car si cette sauce \u00e9voque [&hellip;]\" \/>\n<meta property=\"og:url\" content=\"https:\/\/www.coulissesduchef.com\/site\/ur-les-traces-de-la-sauce-bearnaise-au-pavillon-henri-iv\/\" \/>\n<meta property=\"og:site_name\" content=\"Cours de cuisine \u00e0 Paris\" \/>\n<meta property=\"article:published_time\" content=\"2024-08-21T07:25:40+00:00\" \/>\n<meta property=\"article:modified_time\" content=\"2024-09-04T08:51:07+00:00\" \/>\n<meta name=\"author\" content=\"Olivier\" \/>\n<meta name=\"twitter:card\" content=\"summary_large_image\" \/>\n<meta name=\"twitter:label1\" content=\"\u00c9crit par\" \/>\n\t<meta name=\"twitter:data1\" content=\"Olivier\" \/>\n\t<meta name=\"twitter:label2\" content=\"Dur\u00e9e de lecture estim\u00e9e\" \/>\n\t<meta name=\"twitter:data2\" content=\"4 minutes\" \/>\n<script type=\"application\/ld+json\" class=\"yoast-schema-graph\">{\"@context\":\"https:\\\/\\\/schema.org\",\"@graph\":[{\"@type\":\"Article\",\"@id\":\"https:\\\/\\\/www.coulissesduchef.com\\\/site\\\/ur-les-traces-de-la-sauce-bearnaise-au-pavillon-henri-iv\\\/#article\",\"isPartOf\":{\"@id\":\"https:\\\/\\\/www.coulissesduchef.com\\\/site\\\/ur-les-traces-de-la-sauce-bearnaise-au-pavillon-henri-iv\\\/\"},\"author\":{\"name\":\"Olivier\",\"@id\":\"https:\\\/\\\/www.coulissesduchef.com\\\/site\\\/#\\\/schema\\\/person\\\/63b46e062c5eee31b00b2dc2b2ee6ed0\"},\"headline\":\"Sur les traces de la Sauce B\u00e9arnaise\u2026 au Pavillon Henri IV\",\"datePublished\":\"2024-08-21T07:25:40+00:00\",\"dateModified\":\"2024-09-04T08:51:07+00:00\",\"mainEntityOfPage\":{\"@id\":\"https:\\\/\\\/www.coulissesduchef.com\\\/site\\\/ur-les-traces-de-la-sauce-bearnaise-au-pavillon-henri-iv\\\/\"},\"wordCount\":819,\"articleSection\":[\"blog\"],\"inLanguage\":\"fr-FR\"},{\"@type\":\"WebPage\",\"@id\":\"https:\\\/\\\/www.coulissesduchef.com\\\/site\\\/ur-les-traces-de-la-sauce-bearnaise-au-pavillon-henri-iv\\\/\",\"url\":\"https:\\\/\\\/www.coulissesduchef.com\\\/site\\\/ur-les-traces-de-la-sauce-bearnaise-au-pavillon-henri-iv\\\/\",\"name\":\"Sur les traces de la Sauce B\u00e9arnaise\u2026 au Pavillon Henri IV - Cours de cuisine \u00e0 Paris\",\"isPartOf\":{\"@id\":\"https:\\\/\\\/www.coulissesduchef.com\\\/site\\\/#website\"},\"datePublished\":\"2024-08-21T07:25:40+00:00\",\"dateModified\":\"2024-09-04T08:51:07+00:00\",\"author\":{\"@id\":\"https:\\\/\\\/www.coulissesduchef.com\\\/site\\\/#\\\/schema\\\/person\\\/63b46e062c5eee31b00b2dc2b2ee6ed0\"},\"breadcrumb\":{\"@id\":\"https:\\\/\\\/www.coulissesduchef.com\\\/site\\\/ur-les-traces-de-la-sauce-bearnaise-au-pavillon-henri-iv\\\/#breadcrumb\"},\"inLanguage\":\"fr-FR\",\"potentialAction\":[{\"@type\":\"ReadAction\",\"target\":[\"https:\\\/\\\/www.coulissesduchef.com\\\/site\\\/ur-les-traces-de-la-sauce-bearnaise-au-pavillon-henri-iv\\\/\"]}]},{\"@type\":\"BreadcrumbList\",\"@id\":\"https:\\\/\\\/www.coulissesduchef.com\\\/site\\\/ur-les-traces-de-la-sauce-bearnaise-au-pavillon-henri-iv\\\/#breadcrumb\",\"itemListElement\":[{\"@type\":\"ListItem\",\"position\":1,\"name\":\"Accueil\",\"item\":\"https:\\\/\\\/www.coulissesduchef.com\\\/site\\\/\"},{\"@type\":\"ListItem\",\"position\":2,\"name\":\"Sur les traces de la Sauce B\u00e9arnaise\u2026 au Pavillon Henri IV\"}]},{\"@type\":\"WebSite\",\"@id\":\"https:\\\/\\\/www.coulissesduchef.com\\\/site\\\/#website\",\"url\":\"https:\\\/\\\/www.coulissesduchef.com\\\/site\\\/\",\"name\":\"Cours de cuisine \u00e0 Paris\",\"description\":\"Atelier &amp; Cours de cuisine d&#039;Olivier Bert\u00e9 Paris\",\"potentialAction\":[{\"@type\":\"SearchAction\",\"target\":{\"@type\":\"EntryPoint\",\"urlTemplate\":\"https:\\\/\\\/www.coulissesduchef.com\\\/site\\\/?s={search_term_string}\"},\"query-input\":{\"@type\":\"PropertyValueSpecification\",\"valueRequired\":true,\"valueName\":\"search_term_string\"}}],\"inLanguage\":\"fr-FR\"},{\"@type\":\"Person\",\"@id\":\"https:\\\/\\\/www.coulissesduchef.com\\\/site\\\/#\\\/schema\\\/person\\\/63b46e062c5eee31b00b2dc2b2ee6ed0\",\"name\":\"Olivier\",\"image\":{\"@type\":\"ImageObject\",\"inLanguage\":\"fr-FR\",\"@id\":\"https:\\\/\\\/secure.gravatar.com\\\/avatar\\\/dc4457e6a665885e9390bcb5066995c540255668e764c5d714d2cc50c2767b8a?s=96&d=mm&r=g\",\"url\":\"https:\\\/\\\/secure.gravatar.com\\\/avatar\\\/dc4457e6a665885e9390bcb5066995c540255668e764c5d714d2cc50c2767b8a?s=96&d=mm&r=g\",\"contentUrl\":\"https:\\\/\\\/secure.gravatar.com\\\/avatar\\\/dc4457e6a665885e9390bcb5066995c540255668e764c5d714d2cc50c2767b8a?s=96&d=mm&r=g\",\"caption\":\"Olivier\"},\"url\":\"https:\\\/\\\/www.coulissesduchef.com\\\/site\\\/author\\\/aid91\\\/\"}]}<\/script>\n<!-- \/ Yoast SEO plugin. -->","yoast_head_json":{"title":"Sur les traces de la Sauce B\u00e9arnaise\u2026 au Pavillon Henri IV - Cours de cuisine \u00e0 Paris","robots":{"index":"index","follow":"follow","max-snippet":"max-snippet:-1","max-image-preview":"max-image-preview:large","max-video-preview":"max-video-preview:-1"},"canonical":"https:\/\/www.coulissesduchef.com\/site\/ur-les-traces-de-la-sauce-bearnaise-au-pavillon-henri-iv\/","og_locale":"fr_FR","og_type":"article","og_title":"Sur les traces de la Sauce B\u00e9arnaise\u2026 au Pavillon Henri IV - Cours de cuisine \u00e0 Paris","og_description":"Parmi les basiques de la cuisine : l\u2019art de ma\u00eetriser les sauces ! Et parmi elles, l\u2019une des plus classiques pour rehausser viandes rouges et poissons, c\u2019est bien \u00e9videmment la B\u00e9arnaise. Qui dit B\u00e9arn pourrait bien faire penser \u00e0 notre cher Roi Henri IV. Mais ce n\u2019est pas si simple\u2026 Car si cette sauce \u00e9voque [&hellip;]","og_url":"https:\/\/www.coulissesduchef.com\/site\/ur-les-traces-de-la-sauce-bearnaise-au-pavillon-henri-iv\/","og_site_name":"Cours de cuisine \u00e0 Paris","article_published_time":"2024-08-21T07:25:40+00:00","article_modified_time":"2024-09-04T08:51:07+00:00","author":"Olivier","twitter_card":"summary_large_image","twitter_misc":{"\u00c9crit par":"Olivier","Dur\u00e9e de lecture estim\u00e9e":"4 minutes"},"schema":{"@context":"https:\/\/schema.org","@graph":[{"@type":"Article","@id":"https:\/\/www.coulissesduchef.com\/site\/ur-les-traces-de-la-sauce-bearnaise-au-pavillon-henri-iv\/#article","isPartOf":{"@id":"https:\/\/www.coulissesduchef.com\/site\/ur-les-traces-de-la-sauce-bearnaise-au-pavillon-henri-iv\/"},"author":{"name":"Olivier","@id":"https:\/\/www.coulissesduchef.com\/site\/#\/schema\/person\/63b46e062c5eee31b00b2dc2b2ee6ed0"},"headline":"Sur les traces de la Sauce B\u00e9arnaise\u2026 au Pavillon Henri IV","datePublished":"2024-08-21T07:25:40+00:00","dateModified":"2024-09-04T08:51:07+00:00","mainEntityOfPage":{"@id":"https:\/\/www.coulissesduchef.com\/site\/ur-les-traces-de-la-sauce-bearnaise-au-pavillon-henri-iv\/"},"wordCount":819,"articleSection":["blog"],"inLanguage":"fr-FR"},{"@type":"WebPage","@id":"https:\/\/www.coulissesduchef.com\/site\/ur-les-traces-de-la-sauce-bearnaise-au-pavillon-henri-iv\/","url":"https:\/\/www.coulissesduchef.com\/site\/ur-les-traces-de-la-sauce-bearnaise-au-pavillon-henri-iv\/","name":"Sur les traces de la Sauce B\u00e9arnaise\u2026 au Pavillon Henri IV - Cours de cuisine \u00e0 Paris","isPartOf":{"@id":"https:\/\/www.coulissesduchef.com\/site\/#website"},"datePublished":"2024-08-21T07:25:40+00:00","dateModified":"2024-09-04T08:51:07+00:00","author":{"@id":"https:\/\/www.coulissesduchef.com\/site\/#\/schema\/person\/63b46e062c5eee31b00b2dc2b2ee6ed0"},"breadcrumb":{"@id":"https:\/\/www.coulissesduchef.com\/site\/ur-les-traces-de-la-sauce-bearnaise-au-pavillon-henri-iv\/#breadcrumb"},"inLanguage":"fr-FR","potentialAction":[{"@type":"ReadAction","target":["https:\/\/www.coulissesduchef.com\/site\/ur-les-traces-de-la-sauce-bearnaise-au-pavillon-henri-iv\/"]}]},{"@type":"BreadcrumbList","@id":"https:\/\/www.coulissesduchef.com\/site\/ur-les-traces-de-la-sauce-bearnaise-au-pavillon-henri-iv\/#breadcrumb","itemListElement":[{"@type":"ListItem","position":1,"name":"Accueil","item":"https:\/\/www.coulissesduchef.com\/site\/"},{"@type":"ListItem","position":2,"name":"Sur les traces de la Sauce B\u00e9arnaise\u2026 au Pavillon Henri IV"}]},{"@type":"WebSite","@id":"https:\/\/www.coulissesduchef.com\/site\/#website","url":"https:\/\/www.coulissesduchef.com\/site\/","name":"Cours de cuisine \u00e0 Paris","description":"Atelier &amp; Cours de cuisine d&#039;Olivier Bert\u00e9 Paris","potentialAction":[{"@type":"SearchAction","target":{"@type":"EntryPoint","urlTemplate":"https:\/\/www.coulissesduchef.com\/site\/?s={search_term_string}"},"query-input":{"@type":"PropertyValueSpecification","valueRequired":true,"valueName":"search_term_string"}}],"inLanguage":"fr-FR"},{"@type":"Person","@id":"https:\/\/www.coulissesduchef.com\/site\/#\/schema\/person\/63b46e062c5eee31b00b2dc2b2ee6ed0","name":"Olivier","image":{"@type":"ImageObject","inLanguage":"fr-FR","@id":"https:\/\/secure.gravatar.com\/avatar\/dc4457e6a665885e9390bcb5066995c540255668e764c5d714d2cc50c2767b8a?s=96&d=mm&r=g","url":"https:\/\/secure.gravatar.com\/avatar\/dc4457e6a665885e9390bcb5066995c540255668e764c5d714d2cc50c2767b8a?s=96&d=mm&r=g","contentUrl":"https:\/\/secure.gravatar.com\/avatar\/dc4457e6a665885e9390bcb5066995c540255668e764c5d714d2cc50c2767b8a?s=96&d=mm&r=g","caption":"Olivier"},"url":"https:\/\/www.coulissesduchef.com\/site\/author\/aid91\/"}]}},"_links":{"self":[{"href":"https:\/\/www.coulissesduchef.com\/site\/wp-json\/wp\/v2\/posts\/2027","targetHints":{"allow":["GET"]}}],"collection":[{"href":"https:\/\/www.coulissesduchef.com\/site\/wp-json\/wp\/v2\/posts"}],"about":[{"href":"https:\/\/www.coulissesduchef.com\/site\/wp-json\/wp\/v2\/types\/post"}],"author":[{"embeddable":true,"href":"https:\/\/www.coulissesduchef.com\/site\/wp-json\/wp\/v2\/users\/2"}],"replies":[{"embeddable":true,"href":"https:\/\/www.coulissesduchef.com\/site\/wp-json\/wp\/v2\/comments?post=2027"}],"version-history":[{"count":0,"href":"https:\/\/www.coulissesduchef.com\/site\/wp-json\/wp\/v2\/posts\/2027\/revisions"}],"wp:attachment":[{"href":"https:\/\/www.coulissesduchef.com\/site\/wp-json\/wp\/v2\/media?parent=2027"}],"wp:term":[{"taxonomy":"category","embeddable":true,"href":"https:\/\/www.coulissesduchef.com\/site\/wp-json\/wp\/v2\/categories?post=2027"},{"taxonomy":"post_tag","embeddable":true,"href":"https:\/\/www.coulissesduchef.com\/site\/wp-json\/wp\/v2\/tags?post=2027"}],"curies":[{"name":"wp","href":"https:\/\/api.w.org\/{rel}","templated":true}]}}