{"id":1443,"date":"2015-03-30T13:34:34","date_gmt":"2015-03-30T12:34:34","guid":{"rendered":"http:\/\/www.coulissesduchef.com\/site\/?p=1443"},"modified":"2024-08-30T15:12:57","modified_gmt":"2024-08-30T14:12:57","slug":"les-formations-professionnelles-dolivier-berte","status":"publish","type":"post","link":"https:\/\/www.coulissesduchef.com\/site\/les-formations-professionnelles-dolivier-berte\/","title":{"rendered":"LES FORMATIONS PROFESSIONNELLES D&rsquo;OLIVIER BERTE"},"content":{"rendered":"<p>[et_pb_section fb_built=\u00a0\u00bb1&Prime; _builder_version=\u00a0\u00bb4.16&Prime; global_colors_info=\u00a0\u00bb{}\u00a0\u00bb][et_pb_row _builder_version=\u00a0\u00bb4.16&Prime; background_size=\u00a0\u00bbinitial\u00a0\u00bb background_position=\u00a0\u00bbtop_left\u00a0\u00bb background_repeat=\u00a0\u00bbrepeat\u00a0\u00bb global_colors_info=\u00a0\u00bb{}\u00a0\u00bb][et_pb_column type=\u00a0\u00bb4_4&Prime; _builder_version=\u00a0\u00bb4.16&Prime; custom_padding=\u00a0\u00bb|||\u00a0\u00bb global_colors_info=\u00a0\u00bb{}\u00a0\u00bb custom_padding__hover=\u00a0\u00bb|||\u00a0\u00bb][et_pb_text _builder_version=\u00a0\u00bb4.16&Prime; background_size=\u00a0\u00bbinitial\u00a0\u00bb background_position=\u00a0\u00bbtop_left\u00a0\u00bb background_repeat=\u00a0\u00bbrepeat\u00a0\u00bb global_colors_info=\u00a0\u00bb{}\u00a0\u00bb]<\/p>\n<p><strong><span style=\"font-size: large;\">Pourquoi se former ?<\/span><\/strong><\/p>\n<p><span style=\"font-size: large;\">L\u2019enjeu de toutes soci\u00e9t\u00e9s et institutions professionnelles de la restauration est la satisfaction du consommateur !<\/span><\/p>\n<p><span style=\"font-size: large;\">Pour satisfaire le client, le personnel se doit d\u2019\u00eatre comp\u00e9tent, motiv\u00e9 et form\u00e9.<\/span><\/p>\n<p><span style=\"font-size: large;\">Les cuisiniers font face \u00e0 nombreuses probl\u00e9matiques sur lesquelles ils se doivent de ma\u00eetriser les outils, les techniques et<\/span><br \/><span style=\"font-size: large;\">les normes en vigueur.<\/span><\/p>\n<p><span style=\"font-size: large;\">Se former permet \u00e0 la fois une meilleure organisation, une meilleure qualit\u00e9 de service et \u00e0 terme une meilleure<\/span><br \/><span style=\"font-size: large;\">rentabilit\u00e9.<\/span><\/p>\n<p><strong><span style=\"font-size: large;\">EXEMPLE DE FORMATIONS :<\/span><\/strong><\/p>\n<p><span style=\"font-size: large;\">WORK<\/span><br \/><span style=\"font-size: large;\">PIZZA<\/span><br \/><span style=\"font-size: large;\">BURGER<\/span><br \/><span style=\"font-size: large;\">PLANCHA<\/span><br \/><span style=\"font-size: large;\">CEREALES<\/span><br \/><span style=\"font-size: large;\">SAUCES<\/span><br \/><span style=\"font-size: large;\">HERBES ET EPICES<\/span><br \/><span style=\"font-size: large;\">DIETHETIQUE<\/span><br \/><span style=\"font-size: large;\">VEGETARIENNE<\/span><br \/><span style=\"font-size: large;\">SANS GLUTEN<\/span><br \/><span style=\"font-size: large;\">MOLECULAIRE<\/span><br \/><span style=\"font-size: large;\">LE CHOCOLAT<\/span><br \/><span style=\"font-size: large;\">LEGUMES OUBLIES<\/span><br \/><span style=\"font-size: large;\">LEGUMES<\/span><br \/><span style=\"font-size: large;\">POISSONS<\/span><br \/><span style=\"font-size: large;\">VIANDES<\/span><br \/><span style=\"font-size: large;\">LE GIBIER<\/span><br \/><span style=\"font-size: large;\">LES PRODUITS DE SAISON<\/span><br \/><span style=\"font-size: large;\">LES FROMAGES<\/span><br \/><span style=\"font-size: large;\">ACCORDS METS ET VINS<\/span><br \/><span style=\"font-size: large;\">ACCORDS FROMAGES ET VINS<\/span><br \/><span style=\"font-size: large;\">CUISINE DU MONDE<\/span><br \/><span style=\"font-size: large;\">ASSOCIATIONS DE METS SUCRE\/SALE<\/span><br \/><span style=\"font-size: large;\">LES MODES DE CUISSONS<\/span><br \/><span style=\"font-size: large;\">LES MODES DE CONSERVATIONS<\/span><br \/><span style=\"font-size: large;\">LE SOUS VIDE<\/span><br \/><span style=\"font-size: large;\">LA CUISINE CREATIVE<\/span><br \/><span style=\"font-size: large;\">P\u00c2TISSERIES<\/span><br \/><span style=\"font-size: large;\">VIENNOISERIES ET PAINS&#8230;<\/span><\/p>\n<p><strong><span style=\"font-size: large;\">Choisir une formation d\u2019Olivier Bert\u00e9\u00a0<\/span><\/strong><\/p>\n<p><span style=\"font-size: large;\">Nous vous proposons d\u2019accompagner vos salari\u00e9s et vos \u00e9l\u00e8ves en leur donnant<\/span><br \/><span style=\"font-size: large;\">une formation de terrain, sur-mesure en fonction de vos attentes, et ce imm\u00e9diatement applicable.<\/span><\/p>\n<p><span style=\"font-size: large;\">Nous nous d\u00e9pla\u00e7ons dans vos locaux ou mettons \u00e0 votre disposition notre atelier Paris-Bourse.<\/span><\/p>\n<p><span style=\"font-size: large;\">Notre \u00e9quipe de professionnels utilise son expertise, ses exp\u00e9riences et ses outils p\u00e9dagogiques pour vous aider \u00e0 concr\u00e9tiser vos projets.<\/span><br \/><span style=\"font-size: large;\">Nous nous engageons \u00e0 vos c\u00f4t\u00e9s.<\/span><\/p>\n<p><span style=\"font-size: large;\">Disposant d\u2019un num\u00e9ro d\u2019agr\u00e9ment, notre soci\u00e9t\u00e9 de formation est habilit\u00e9e \u00e0 <\/span><span style=\"font-size: large;\">dispenser des formations culinaires professionnelles qui peuvent \u00eatre prises en <\/span><span style=\"font-size: large;\">charge par les dispositifs du type DIF ou Fongecif&#8230;<\/span><\/p>\n<p><strong><span style=\"font-size: large;\">COURS DE CUISINE &#8211; OLIVIER BERTE<\/span><\/strong><br \/><span style=\"font-size: large;\">7 rue Paul Lelong 75002 Paris<\/span><br \/><span style=\"font-size: large;\">Agr\u00e9mentation: 1175 39246-75<\/span><br \/><span style=\"font-size: large;\">APE: 8559A<\/span><br \/><span style=\"font-size: large;\">N\u00b0 RCS: 2003 B 21188<\/span><br \/><span style=\"font-size: large;\">N\u00b0 SIRET: 451 337 109<\/span><br \/><span style=\"font-size: large;\">Email: olivier.berte@coursdecuisineparis.com<\/span><br \/><span style=\"font-size: large;\">Mobile : 06 63 24 43 03<\/span><br \/><span style=\"font-size: large;\">Formules du Chef :<\/span><br \/><span style=\"font-size: large;\">&#8211; FORMATIONS PROFESSIONNELLES<\/span><br \/><span style=\"font-size: large;\">&#8211; FORMATION 20 COURS AVEC UN CERTIIFICAT<\/span><br \/><span style=\"font-size: large;\">&#8211; FORMATIONS A LA CARTE<\/span><\/p>\n<p><strong><span style=\"font-size: large;\">Quelques r\u00e9f\u00e9rences :<\/span><\/strong><\/p>\n<p><span style=\"font-size: large;\">Si\u00e8ge banque Rothschild \u00e0 Paris, Si\u00e8ge EDF CCAS \u00e0 Paris, Centre d\u2019Atrenas \u00e0 Marvejols, Centre d\u2019entrainement gendarmerie national, Conseil G\u00e9n\u00e9ral des Ardennes, Elior, Agrafe, A.D.P, H.E.C, SCIENCE PO, Ecole H\u00f4teli\u00e8re d\u2019Avignon,<\/span><br \/><span style=\"font-size: large;\">Ecole Gr\u00e9goire Ferrandi, Enseignant au Lyc\u00e9e H\u00f4telier Jean Drouant \u00e0 Paris, H\u00f4pital de F\u00e9camp, Diff\u00e9rentes Maisons de<\/span><br \/><span style=\"font-size: large;\">retraite &#8230;<\/span><\/p>\n<p><strong><span style=\"font-size: large;\">LES POINTS ABORDES EN FONCTION DE LA FORMATION CHOISIE SONT :<\/span><\/strong><\/p>\n<p><span style=\"font-size: large;\">Le d\u00e9roulement du service et son organisation<\/span><br \/><span style=\"font-size: large;\">Perfectionnement en service<\/span><br \/><span style=\"font-size: large;\">Am\u00e9lioration de la coordination entre la cuisine et la salle<\/span><br \/><span style=\"font-size: large;\">Animation pendant le repas \u00ab journ\u00e9e \u00e0 th\u00e8me \u00bb<\/span><br \/><span style=\"font-size: large;\">Organisation de la salle<\/span><br \/><span style=\"font-size: large;\">Ma\u00eetrise des techniques culinaires<\/span><br \/><span style=\"font-size: large;\">Modification d&rsquo;une recette classique en une recette all\u00e9g\u00e9e<\/span><br \/><span style=\"font-size: large;\">R\u00e9alisation de recettes \u00e9quilibr\u00e9es all\u00e9g\u00e9es innovantes<\/span><br \/><span style=\"font-size: large;\">Ma\u00eetriser les techniques de cuisson pour garder les vertus du produit : go\u00fbt et texture<\/span><br \/><span style=\"font-size: large;\">Diff\u00e9rentes m\u00e9thodes de pr\u00e9paration des l\u00e9gumes : frais ou surgel\u00e9s<\/span><br \/><span style=\"font-size: large;\">Mise en valeur du produit : Pr\u00e9sentation dans l\u2019assiette<\/span><br \/><span style=\"font-size: large;\">R\u00e9ception des marchandises<\/span><br \/><span style=\"font-size: large;\">Stockage des produits alimentaires et non alimentaires<\/span><br \/><span style=\"font-size: large;\">Organisation du poste de travail<\/span><br \/><span style=\"font-size: large;\">M\u00e9thode de Taillage<\/span><br \/><span style=\"font-size: large;\">Diff\u00e9rentes m\u00e9thodes de cuisson<\/span><br \/><span style=\"font-size: large;\">Base des sauces et des diff\u00e9rentes liaisons<\/span><br \/><span style=\"font-size: large;\">R\u00e9alisation de p\u00e2tes \u00ab minute \u00bb &#8230;<\/span><\/p>\n<p><strong><span style=\"font-size: large;\">Les formations professionnelles d&rsquo;Olivier Bert\u00e9<\/span><\/strong><\/p>\n<p><span style=\"font-size: large;\">pour en savoir plus cliquer ici : \u00a0<a href=\"https:\/\/www.coulissesduchef.com\/site\/wp-content\/uploads\/2015\/03\/PREZ-OB-FORMATION-3-pages.pdf\">Olivier Bert\u00e9 et ses formations<\/a><\/span><\/p>\n<p>[\/et_pb_text][\/et_pb_column][\/et_pb_row][\/et_pb_section][et_pb_section fb_built=\u00a0\u00bb1&Prime; theme_builder_area=\u00a0\u00bbpost_content\u00a0\u00bb _builder_version=\u00a0\u00bb4.27.0&Prime; _module_preset=\u00a0\u00bbdefault\u00a0\u00bb][et_pb_row _builder_version=\u00a0\u00bb4.27.0&Prime; _module_preset=\u00a0\u00bbdefault\u00a0\u00bb theme_builder_area=\u00a0\u00bbpost_content\u00a0\u00bb][et_pb_column _builder_version=\u00a0\u00bb4.27.0&Prime; _module_preset=\u00a0\u00bbdefault\u00a0\u00bb type=\u00a0\u00bb4_4&Prime; theme_builder_area=\u00a0\u00bbpost_content\u00a0\u00bb][et_pb_image src=\u00a0\u00bbhttps:\/\/www.coulissesduchef.com\/site\/wp-content\/uploads\/2024\/08\/hp-header-bg-1024&#215;683.jpg\u00a0\u00bb _builder_version=\u00a0\u00bb4.27.0&Prime; _module_preset=\u00a0\u00bbdefault\u00a0\u00bb theme_builder_area=\u00a0\u00bbpost_content\u00a0\u00bb title_text=\u00a0\u00bbhp-header-bg\u00a0\u00bb hover_enabled=\u00a0\u00bb0&Prime; sticky_enabled=\u00a0\u00bb0&Prime;][\/et_pb_image][\/et_pb_column][\/et_pb_row][\/et_pb_section]<\/p>\n","protected":false},"excerpt":{"rendered":"<p>Pourquoi se former ? L\u2019enjeu de toutes soci\u00e9t\u00e9s et institutions professionnelles de la restauration est la satisfaction du consommateur ! Pour satisfaire le client, le personnel se doit d\u2019\u00eatre comp\u00e9tent, motiv\u00e9 et form\u00e9. Les cuisiniers font face \u00e0 nombreuses probl\u00e9matiques sur lesquelles ils se doivent de ma\u00eetriser les outils, les techniques etles normes en vigueur. [&hellip;]<\/p>\n","protected":false},"author":2,"featured_media":0,"comment_status":"closed","ping_status":"closed","sticky":false,"template":"","format":"standard","meta":{"_et_pb_use_builder":"on","_et_pb_old_content":"Pourquoi se former ?\nL\u2019enjeu de toutes soci\u00e9t\u00e9s et institutions professionnelles de la restauration est la satisfaction du consommateur !\nPour satisfaire le client, le personnel se doit d\u2019\u00eatre comp\u00e9tent, motiv\u00e9 et form\u00e9.\nLes cuisiniers font face \u00e0 nombreuses probl\u00e9matiques sur lesquelles ils se doivent de ma\u00eetriser les outils, les techniques et\nles normes en vigueur.\nSe former permet \u00e0 la fois une meilleure organisation, une meilleure qualit\u00e9 de service et \u00e0 terme une meilleure\nrentabilit\u00e9.\nEXEMPLE DE FORMATIONS :\nWORK\nPIZZA\nBURGER\nPLANCHA\nCEREALES\nSAUCES\nHERBES ET EPICES\nDIETHETIQUE\nVEGETARIENNE\nSANS GLUTEN\nMOLECULAIRE\nLE CHOCOLAT\nLEGUMES OUBLIES\nLEGUMES\nPOISSONS\nVIANDES\nLE GIBIER\nLES PRODUITS DE SAISON\nLES FROMAGES\nACCORDS METS ET VINS\nACCORDS FROMAGES ET VINS\nCUISINE DU MONDE\nASSOCIATIONS DE METS SUCRE\/SALE\nLES MODES DE CUISSONS\nLES MODES DE CONSERVATIONS\nLE SOUS VIDE\nLA CUISINE CREATIVE\nP\u00c2TISSERIES\nVIENNOISERIES ET PAINS...\nChoisir une formation d\u2019Olivier Bert\u00e9\nNous vous proposons d\u2019accompagner vos salari\u00e9s et vos \u00e9l\u00e8ves en leur donnant\nune formation de terrain, sur-mesure en fonction de vos attentes, et ce imm\u00e9diatement applicable.\nNous nous d\u00e9pla\u00e7ons dans vos locaux ou mettons \u00e0 votre disposition notre atelier Paris-Bourse.\nNotre \u00e9quipe de professionnels utilise son expertise, ses exp\u00e9riences et ses outils p\u00e9dagogiques pour vous aider \u00e0 concr\u00e9tiser vos projets.\nNous nous engageons \u00e0 vos c\u00f4t\u00e9s.\nDisposant d\u2019un num\u00e9ro d\u2019agr\u00e9ment, notre soci\u00e9t\u00e9 de formation est habilit\u00e9e \u00e0\ndispenser des formations culinaires professionnelles qui peuvent \u00eatre prises en\ncharge par les dispositifs du type DIF ou Fongecif...\nCOURS DE CUISINE - OLIVIER BERTE\n7 rue Paul Lelong 75002 Paris\nAgr\u00e9mentation: 1175 39246-75\nAPE: 8559A\nN\u00b0 RCS: 2003 B 21188\nN\u00b0 SIRET: 451 337 109\nEmail: olivier.berte@coursdecuisineparis.com\nMobile : 06 63 24 43 03\nFormules du Chef :\n- FORMATIONS PROFESSIONNELLES\n- FORMATION 20 COURS AVEC UN CERTIIFICAT\n- FORMATIONS A LA CARTE\nQuelques r\u00e9f\u00e9rences :\nSi\u00e8ge banque Rothschild \u00e0 Paris, Si\u00e8ge EDF CCAS \u00e0 Paris, Centre d\u2019Atrenas \u00e0 Marvejols, Centre d\u2019entrainement gendarmerie national, Conseil G\u00e9n\u00e9ral des Ardennes, Elior, Agrafe, A.D.P, H.E.C, SCIENCE PO, Ecole H\u00f4teli\u00e8re d\u2019Avignon,\nEcole Gr\u00e9goire Ferrandi, Enseignant au Lyc\u00e9e H\u00f4telier Jean Drouant \u00e0 Paris, H\u00f4pital de F\u00e9camp, Diff\u00e9rentes Maisons de\nretraite ...\nLES POINTS ABORDES EN FONCTION DE LA FORMATION CHOISIE SONT:\nLe d\u00e9roulement du service et son organisation\nPerfectionnement en service\nAm\u00e9lioration de la coordination entre la cuisine et la salle\nAnimation pendant le repas \u00ab journ\u00e9e \u00e0 th\u00e8me \u00bb\nOrganisation de la salle\nMa\u00eetrise des techniques culinaires\nModification d'une recette classique en une recette all\u00e9g\u00e9e\nR\u00e9alisation de recettes \u00e9quilibr\u00e9es all\u00e9g\u00e9es innovantes\nMa\u00eetriser les techniques de cuisson pour garder les vertus du produit : go\u00fbt et texture\nDiff\u00e9rentes m\u00e9thodes de pr\u00e9paration des l\u00e9gumes : frais ou surgel\u00e9s\nMise en valeur du produit : Pr\u00e9sentation dans l\u2019assiette\nR\u00e9ception des marchandises\nStockage des produits alimentaires et non alimentaires\nOrganisation du poste de travail\nM\u00e9thode de Taillage\nDiff\u00e9rentes m\u00e9thodes de cuisson\nBase des sauces et des diff\u00e9rentes liaisons\nR\u00e9alisation de p\u00e2tes \u00ab minute \u00bb ...\n\nLes formations professionnelles d'Olivier Bert\u00e9\n\npour en savoir plus cliquer ici : \u00a0<a href=\"http:\/\/www.coulissesduchef.com\/site\/wp-content\/uploads\/2015\/03\/PREZ-OB-FORMATION-3-pages.pdf\">Olivier Bert\u00e9 et ses formations<\/a>","_et_gb_content_width":"2880","footnotes":""},"categories":[6],"tags":[],"class_list":["post-1443","post","type-post","status-publish","format-standard","hentry","category-blog"],"yoast_head":"<!-- This site is optimized with the Yoast SEO plugin v27.5 - https:\/\/yoast.com\/product\/yoast-seo-wordpress\/ -->\n<title>LES FORMATIONS PROFESSIONNELLES D&#039;OLIVIER BERTE - Cours de cuisine \u00e0 Paris<\/title>\n<meta name=\"robots\" content=\"index, follow, max-snippet:-1, max-image-preview:large, max-video-preview:-1\" \/>\n<link rel=\"canonical\" href=\"https:\/\/www.coulissesduchef.com\/site\/les-formations-professionnelles-dolivier-berte\/\" \/>\n<meta property=\"og:locale\" content=\"fr_FR\" \/>\n<meta property=\"og:type\" content=\"article\" \/>\n<meta property=\"og:title\" content=\"LES FORMATIONS PROFESSIONNELLES D&#039;OLIVIER BERTE - Cours de cuisine \u00e0 Paris\" \/>\n<meta property=\"og:description\" content=\"Pourquoi se former ? L\u2019enjeu de toutes soci\u00e9t\u00e9s et institutions professionnelles de la restauration est la satisfaction du consommateur ! Pour satisfaire le client, le personnel se doit d\u2019\u00eatre comp\u00e9tent, motiv\u00e9 et form\u00e9. Les cuisiniers font face \u00e0 nombreuses probl\u00e9matiques sur lesquelles ils se doivent de ma\u00eetriser les outils, les techniques etles normes en vigueur. [&hellip;]\" \/>\n<meta property=\"og:url\" content=\"https:\/\/www.coulissesduchef.com\/site\/les-formations-professionnelles-dolivier-berte\/\" \/>\n<meta property=\"og:site_name\" content=\"Cours de cuisine \u00e0 Paris\" \/>\n<meta property=\"article:published_time\" content=\"2015-03-30T12:34:34+00:00\" \/>\n<meta property=\"article:modified_time\" content=\"2024-08-30T14:12:57+00:00\" \/>\n<meta name=\"author\" content=\"Olivier\" \/>\n<meta name=\"twitter:card\" content=\"summary_large_image\" \/>\n<meta name=\"twitter:label1\" content=\"\u00c9crit par\" \/>\n\t<meta name=\"twitter:data1\" content=\"Olivier\" \/>\n\t<meta name=\"twitter:label2\" content=\"Dur\u00e9e de lecture estim\u00e9e\" \/>\n\t<meta name=\"twitter:data2\" content=\"3 minutes\" \/>\n<script type=\"application\/ld+json\" class=\"yoast-schema-graph\">{\"@context\":\"https:\\\/\\\/schema.org\",\"@graph\":[{\"@type\":\"Article\",\"@id\":\"https:\\\/\\\/www.coulissesduchef.com\\\/site\\\/les-formations-professionnelles-dolivier-berte\\\/#article\",\"isPartOf\":{\"@id\":\"https:\\\/\\\/www.coulissesduchef.com\\\/site\\\/les-formations-professionnelles-dolivier-berte\\\/\"},\"author\":{\"name\":\"Olivier\",\"@id\":\"https:\\\/\\\/www.coulissesduchef.com\\\/site\\\/#\\\/schema\\\/person\\\/63b46e062c5eee31b00b2dc2b2ee6ed0\"},\"headline\":\"LES FORMATIONS PROFESSIONNELLES D&rsquo;OLIVIER BERTE\",\"datePublished\":\"2015-03-30T12:34:34+00:00\",\"dateModified\":\"2024-08-30T14:12:57+00:00\",\"mainEntityOfPage\":{\"@id\":\"https:\\\/\\\/www.coulissesduchef.com\\\/site\\\/les-formations-professionnelles-dolivier-berte\\\/\"},\"wordCount\":701,\"articleSection\":[\"blog\"],\"inLanguage\":\"fr-FR\"},{\"@type\":\"WebPage\",\"@id\":\"https:\\\/\\\/www.coulissesduchef.com\\\/site\\\/les-formations-professionnelles-dolivier-berte\\\/\",\"url\":\"https:\\\/\\\/www.coulissesduchef.com\\\/site\\\/les-formations-professionnelles-dolivier-berte\\\/\",\"name\":\"LES FORMATIONS PROFESSIONNELLES D'OLIVIER BERTE - Cours de cuisine \u00e0 Paris\",\"isPartOf\":{\"@id\":\"https:\\\/\\\/www.coulissesduchef.com\\\/site\\\/#website\"},\"datePublished\":\"2015-03-30T12:34:34+00:00\",\"dateModified\":\"2024-08-30T14:12:57+00:00\",\"author\":{\"@id\":\"https:\\\/\\\/www.coulissesduchef.com\\\/site\\\/#\\\/schema\\\/person\\\/63b46e062c5eee31b00b2dc2b2ee6ed0\"},\"breadcrumb\":{\"@id\":\"https:\\\/\\\/www.coulissesduchef.com\\\/site\\\/les-formations-professionnelles-dolivier-berte\\\/#breadcrumb\"},\"inLanguage\":\"fr-FR\",\"potentialAction\":[{\"@type\":\"ReadAction\",\"target\":[\"https:\\\/\\\/www.coulissesduchef.com\\\/site\\\/les-formations-professionnelles-dolivier-berte\\\/\"]}]},{\"@type\":\"BreadcrumbList\",\"@id\":\"https:\\\/\\\/www.coulissesduchef.com\\\/site\\\/les-formations-professionnelles-dolivier-berte\\\/#breadcrumb\",\"itemListElement\":[{\"@type\":\"ListItem\",\"position\":1,\"name\":\"Accueil\",\"item\":\"https:\\\/\\\/www.coulissesduchef.com\\\/site\\\/\"},{\"@type\":\"ListItem\",\"position\":2,\"name\":\"LES FORMATIONS PROFESSIONNELLES D&rsquo;OLIVIER BERTE\"}]},{\"@type\":\"WebSite\",\"@id\":\"https:\\\/\\\/www.coulissesduchef.com\\\/site\\\/#website\",\"url\":\"https:\\\/\\\/www.coulissesduchef.com\\\/site\\\/\",\"name\":\"Cours de cuisine \u00e0 Paris\",\"description\":\"Atelier &amp; Cours de cuisine d&#039;Olivier Bert\u00e9 Paris\",\"potentialAction\":[{\"@type\":\"SearchAction\",\"target\":{\"@type\":\"EntryPoint\",\"urlTemplate\":\"https:\\\/\\\/www.coulissesduchef.com\\\/site\\\/?s={search_term_string}\"},\"query-input\":{\"@type\":\"PropertyValueSpecification\",\"valueRequired\":true,\"valueName\":\"search_term_string\"}}],\"inLanguage\":\"fr-FR\"},{\"@type\":\"Person\",\"@id\":\"https:\\\/\\\/www.coulissesduchef.com\\\/site\\\/#\\\/schema\\\/person\\\/63b46e062c5eee31b00b2dc2b2ee6ed0\",\"name\":\"Olivier\",\"image\":{\"@type\":\"ImageObject\",\"inLanguage\":\"fr-FR\",\"@id\":\"https:\\\/\\\/secure.gravatar.com\\\/avatar\\\/dc4457e6a665885e9390bcb5066995c540255668e764c5d714d2cc50c2767b8a?s=96&d=mm&r=g\",\"url\":\"https:\\\/\\\/secure.gravatar.com\\\/avatar\\\/dc4457e6a665885e9390bcb5066995c540255668e764c5d714d2cc50c2767b8a?s=96&d=mm&r=g\",\"contentUrl\":\"https:\\\/\\\/secure.gravatar.com\\\/avatar\\\/dc4457e6a665885e9390bcb5066995c540255668e764c5d714d2cc50c2767b8a?s=96&d=mm&r=g\",\"caption\":\"Olivier\"},\"url\":\"https:\\\/\\\/www.coulissesduchef.com\\\/site\\\/author\\\/aid91\\\/\"}]}<\/script>\n<!-- \/ Yoast SEO plugin. -->","yoast_head_json":{"title":"LES FORMATIONS PROFESSIONNELLES D'OLIVIER BERTE - Cours de cuisine \u00e0 Paris","robots":{"index":"index","follow":"follow","max-snippet":"max-snippet:-1","max-image-preview":"max-image-preview:large","max-video-preview":"max-video-preview:-1"},"canonical":"https:\/\/www.coulissesduchef.com\/site\/les-formations-professionnelles-dolivier-berte\/","og_locale":"fr_FR","og_type":"article","og_title":"LES FORMATIONS PROFESSIONNELLES D'OLIVIER BERTE - Cours de cuisine \u00e0 Paris","og_description":"Pourquoi se former ? L\u2019enjeu de toutes soci\u00e9t\u00e9s et institutions professionnelles de la restauration est la satisfaction du consommateur ! Pour satisfaire le client, le personnel se doit d\u2019\u00eatre comp\u00e9tent, motiv\u00e9 et form\u00e9. Les cuisiniers font face \u00e0 nombreuses probl\u00e9matiques sur lesquelles ils se doivent de ma\u00eetriser les outils, les techniques etles normes en vigueur. [&hellip;]","og_url":"https:\/\/www.coulissesduchef.com\/site\/les-formations-professionnelles-dolivier-berte\/","og_site_name":"Cours de cuisine \u00e0 Paris","article_published_time":"2015-03-30T12:34:34+00:00","article_modified_time":"2024-08-30T14:12:57+00:00","author":"Olivier","twitter_card":"summary_large_image","twitter_misc":{"\u00c9crit par":"Olivier","Dur\u00e9e de lecture estim\u00e9e":"3 minutes"},"schema":{"@context":"https:\/\/schema.org","@graph":[{"@type":"Article","@id":"https:\/\/www.coulissesduchef.com\/site\/les-formations-professionnelles-dolivier-berte\/#article","isPartOf":{"@id":"https:\/\/www.coulissesduchef.com\/site\/les-formations-professionnelles-dolivier-berte\/"},"author":{"name":"Olivier","@id":"https:\/\/www.coulissesduchef.com\/site\/#\/schema\/person\/63b46e062c5eee31b00b2dc2b2ee6ed0"},"headline":"LES FORMATIONS PROFESSIONNELLES D&rsquo;OLIVIER BERTE","datePublished":"2015-03-30T12:34:34+00:00","dateModified":"2024-08-30T14:12:57+00:00","mainEntityOfPage":{"@id":"https:\/\/www.coulissesduchef.com\/site\/les-formations-professionnelles-dolivier-berte\/"},"wordCount":701,"articleSection":["blog"],"inLanguage":"fr-FR"},{"@type":"WebPage","@id":"https:\/\/www.coulissesduchef.com\/site\/les-formations-professionnelles-dolivier-berte\/","url":"https:\/\/www.coulissesduchef.com\/site\/les-formations-professionnelles-dolivier-berte\/","name":"LES FORMATIONS PROFESSIONNELLES D'OLIVIER BERTE - Cours de cuisine \u00e0 Paris","isPartOf":{"@id":"https:\/\/www.coulissesduchef.com\/site\/#website"},"datePublished":"2015-03-30T12:34:34+00:00","dateModified":"2024-08-30T14:12:57+00:00","author":{"@id":"https:\/\/www.coulissesduchef.com\/site\/#\/schema\/person\/63b46e062c5eee31b00b2dc2b2ee6ed0"},"breadcrumb":{"@id":"https:\/\/www.coulissesduchef.com\/site\/les-formations-professionnelles-dolivier-berte\/#breadcrumb"},"inLanguage":"fr-FR","potentialAction":[{"@type":"ReadAction","target":["https:\/\/www.coulissesduchef.com\/site\/les-formations-professionnelles-dolivier-berte\/"]}]},{"@type":"BreadcrumbList","@id":"https:\/\/www.coulissesduchef.com\/site\/les-formations-professionnelles-dolivier-berte\/#breadcrumb","itemListElement":[{"@type":"ListItem","position":1,"name":"Accueil","item":"https:\/\/www.coulissesduchef.com\/site\/"},{"@type":"ListItem","position":2,"name":"LES FORMATIONS PROFESSIONNELLES D&rsquo;OLIVIER BERTE"}]},{"@type":"WebSite","@id":"https:\/\/www.coulissesduchef.com\/site\/#website","url":"https:\/\/www.coulissesduchef.com\/site\/","name":"Cours de cuisine \u00e0 Paris","description":"Atelier &amp; Cours de cuisine d&#039;Olivier Bert\u00e9 Paris","potentialAction":[{"@type":"SearchAction","target":{"@type":"EntryPoint","urlTemplate":"https:\/\/www.coulissesduchef.com\/site\/?s={search_term_string}"},"query-input":{"@type":"PropertyValueSpecification","valueRequired":true,"valueName":"search_term_string"}}],"inLanguage":"fr-FR"},{"@type":"Person","@id":"https:\/\/www.coulissesduchef.com\/site\/#\/schema\/person\/63b46e062c5eee31b00b2dc2b2ee6ed0","name":"Olivier","image":{"@type":"ImageObject","inLanguage":"fr-FR","@id":"https:\/\/secure.gravatar.com\/avatar\/dc4457e6a665885e9390bcb5066995c540255668e764c5d714d2cc50c2767b8a?s=96&d=mm&r=g","url":"https:\/\/secure.gravatar.com\/avatar\/dc4457e6a665885e9390bcb5066995c540255668e764c5d714d2cc50c2767b8a?s=96&d=mm&r=g","contentUrl":"https:\/\/secure.gravatar.com\/avatar\/dc4457e6a665885e9390bcb5066995c540255668e764c5d714d2cc50c2767b8a?s=96&d=mm&r=g","caption":"Olivier"},"url":"https:\/\/www.coulissesduchef.com\/site\/author\/aid91\/"}]}},"_links":{"self":[{"href":"https:\/\/www.coulissesduchef.com\/site\/wp-json\/wp\/v2\/posts\/1443","targetHints":{"allow":["GET"]}}],"collection":[{"href":"https:\/\/www.coulissesduchef.com\/site\/wp-json\/wp\/v2\/posts"}],"about":[{"href":"https:\/\/www.coulissesduchef.com\/site\/wp-json\/wp\/v2\/types\/post"}],"author":[{"embeddable":true,"href":"https:\/\/www.coulissesduchef.com\/site\/wp-json\/wp\/v2\/users\/2"}],"replies":[{"embeddable":true,"href":"https:\/\/www.coulissesduchef.com\/site\/wp-json\/wp\/v2\/comments?post=1443"}],"version-history":[{"count":0,"href":"https:\/\/www.coulissesduchef.com\/site\/wp-json\/wp\/v2\/posts\/1443\/revisions"}],"wp:attachment":[{"href":"https:\/\/www.coulissesduchef.com\/site\/wp-json\/wp\/v2\/media?parent=1443"}],"wp:term":[{"taxonomy":"category","embeddable":true,"href":"https:\/\/www.coulissesduchef.com\/site\/wp-json\/wp\/v2\/categories?post=1443"},{"taxonomy":"post_tag","embeddable":true,"href":"https:\/\/www.coulissesduchef.com\/site\/wp-json\/wp\/v2\/tags?post=1443"}],"curies":[{"name":"wp","href":"https:\/\/api.w.org\/{rel}","templated":true}]}}