{"id":1401,"date":"2015-03-23T16:28:44","date_gmt":"2015-03-23T15:28:44","guid":{"rendered":"http:\/\/www.coulissesduchef.com\/site\/?p=1401"},"modified":"2024-08-30T06:54:29","modified_gmt":"2024-08-30T05:54:29","slug":"privatisation-atelier-de-cuisine-private-cooking-class","status":"publish","type":"post","link":"https:\/\/www.coulissesduchef.com\/site\/privatisation-atelier-de-cuisine-private-cooking-class\/","title":{"rendered":"Privatisation atelier de cuisine \u00ab\u00a0PRIVATE COOKING CLASS\u00a0\u00bb"},"content":{"rendered":"<h3>UN ATELIER DE CUISINE AVEC OLIVIER BERTE, PRIVATISER !<\/h3>\n<p>En partenariat avec des agences de voyages ou des conciergeries priv\u00e9es, Olivier Bert\u00e9 propose des privatisations pour un\u00a0Atelier de cuisine au<\/p>\n<p style=\"text-align: left;\">\u00a0\u00ab\u00a0Coulisses du Chef\u00a0\u00bb 7 rue Paul Lelong 75002 Paris.<\/p>\n<p><strong><span style=\"text-decoration: underline;\">De nombreux \u00e9trangers en vacances \u00e0 Paris appr\u00e9cie la\u00a0formule suivante :<\/span><\/strong><\/p>\n<ul>\n<li>Un tour du March\u00e9 chez les fournisseurs pour choisir des produits \u00e0 cuisiner<\/li>\n<li>Le cours de cuisine : r\u00e9alisation d&rsquo;un menu complet (entr\u00e9e, plat et dessert)<\/li>\n<li>Le d\u00e9gustation sur place du repas avec le Chef<\/li>\n<\/ul>\n<p>Prestation de 10h00 \u00e0 13h30.<\/p>\n<hr \/>\n<p><strong><span style=\"text-decoration: underline;\">Possibilit\u00e9 aussi de r\u00e9aliser un Atelier de p\u00e2tisserie<\/span> :<\/strong><\/p>\n<ul>\n<li>Le cours de cuisine : r\u00e9alisation\u00a0de deux p\u00e2tisserie (macarons et moelleux au chocolat avec son coulis de caramel &#8230;)<\/li>\n<li>La d\u00e9gustation sur place<\/li>\n<\/ul>\n<p>Prestation de 15h00 \u00e0 17h30<\/p>\n<hr \/>\n<p><strong>Demander un devis \u00e0 olivier.berte@coursdecuisineparis.com<\/strong><\/p>\n<p><img decoding=\"async\" src=\"https:\/\/www.coulissesduchef.com\/site\/wp-content\/uploads\/et_temp\/image-1-1024x859-716511_1024x675.png\" \/><\/p>\n","protected":false},"excerpt":{"rendered":"<p>UN ATELIER DE CUISINE AVEC OLIVIER BERTE, PRIVATISER ! En partenariat avec des agences de voyages ou des conciergeries priv\u00e9es, Olivier Bert\u00e9 propose des privatisations pour un\u00a0Atelier de cuisine au \u00a0\u00ab\u00a0Coulisses du Chef\u00a0\u00bb 7 rue Paul Lelong 75002 Paris. De nombreux \u00e9trangers en vacances \u00e0 Paris appr\u00e9cie la\u00a0formule suivante : Un tour du March\u00e9 chez [&hellip;]<\/p>\n","protected":false},"author":2,"featured_media":0,"comment_status":"closed","ping_status":"closed","sticky":false,"template":"","format":"standard","meta":{"_et_pb_use_builder":"","_et_pb_old_content":"","_et_gb_content_width":"","footnotes":""},"categories":[6],"tags":[],"class_list":["post-1401","post","type-post","status-publish","format-standard","hentry","category-blog"],"yoast_head":"<!-- This site is optimized with the Yoast SEO plugin v27.5 - https:\/\/yoast.com\/product\/yoast-seo-wordpress\/ -->\n<title>Privatisation atelier de cuisine &quot;PRIVATE COOKING CLASS&quot; - Cours de cuisine \u00e0 Paris<\/title>\n<meta name=\"robots\" content=\"index, follow, max-snippet:-1, max-image-preview:large, max-video-preview:-1\" \/>\n<link rel=\"canonical\" href=\"https:\/\/www.coulissesduchef.com\/site\/privatisation-atelier-de-cuisine-private-cooking-class\/\" \/>\n<meta property=\"og:locale\" content=\"fr_FR\" \/>\n<meta property=\"og:type\" content=\"article\" \/>\n<meta property=\"og:title\" content=\"Privatisation atelier de cuisine &quot;PRIVATE COOKING CLASS&quot; - Cours de cuisine \u00e0 Paris\" \/>\n<meta property=\"og:description\" content=\"UN ATELIER DE CUISINE AVEC OLIVIER BERTE, PRIVATISER ! En partenariat avec des agences de voyages ou des conciergeries priv\u00e9es, Olivier Bert\u00e9 propose des privatisations pour un\u00a0Atelier de cuisine au \u00a0\u00ab\u00a0Coulisses du Chef\u00a0\u00bb 7 rue Paul Lelong 75002 Paris. De nombreux \u00e9trangers en vacances \u00e0 Paris appr\u00e9cie la\u00a0formule suivante : Un tour du March\u00e9 chez [&hellip;]\" \/>\n<meta property=\"og:url\" content=\"https:\/\/www.coulissesduchef.com\/site\/privatisation-atelier-de-cuisine-private-cooking-class\/\" \/>\n<meta property=\"og:site_name\" content=\"Cours de cuisine \u00e0 Paris\" \/>\n<meta property=\"article:published_time\" content=\"2015-03-23T15:28:44+00:00\" \/>\n<meta property=\"article:modified_time\" content=\"2024-08-30T05:54:29+00:00\" \/>\n<meta property=\"og:image\" content=\"http:\/\/www.coulissesduchef.com\/site\/wp-content\/uploads\/et_temp\/image-1-1024x859-716511_1024x675.png\" \/>\n<meta name=\"author\" content=\"Olivier\" \/>\n<meta name=\"twitter:card\" content=\"summary_large_image\" \/>\n<meta name=\"twitter:label1\" content=\"\u00c9crit par\" \/>\n\t<meta name=\"twitter:data1\" content=\"Olivier\" \/>\n\t<meta name=\"twitter:label2\" content=\"Dur\u00e9e de lecture estim\u00e9e\" \/>\n\t<meta name=\"twitter:data2\" content=\"1 minute\" \/>\n<script type=\"application\/ld+json\" class=\"yoast-schema-graph\">{\"@context\":\"https:\\\/\\\/schema.org\",\"@graph\":[{\"@type\":\"Article\",\"@id\":\"https:\\\/\\\/www.coulissesduchef.com\\\/site\\\/privatisation-atelier-de-cuisine-private-cooking-class\\\/#article\",\"isPartOf\":{\"@id\":\"https:\\\/\\\/www.coulissesduchef.com\\\/site\\\/privatisation-atelier-de-cuisine-private-cooking-class\\\/\"},\"author\":{\"name\":\"Olivier\",\"@id\":\"https:\\\/\\\/www.coulissesduchef.com\\\/site\\\/#\\\/schema\\\/person\\\/63b46e062c5eee31b00b2dc2b2ee6ed0\"},\"headline\":\"Privatisation atelier de cuisine \u00ab\u00a0PRIVATE COOKING CLASS\u00a0\u00bb\",\"datePublished\":\"2015-03-23T15:28:44+00:00\",\"dateModified\":\"2024-08-30T05:54:29+00:00\",\"mainEntityOfPage\":{\"@id\":\"https:\\\/\\\/www.coulissesduchef.com\\\/site\\\/privatisation-atelier-de-cuisine-private-cooking-class\\\/\"},\"wordCount\":143,\"image\":{\"@id\":\"https:\\\/\\\/www.coulissesduchef.com\\\/site\\\/privatisation-atelier-de-cuisine-private-cooking-class\\\/#primaryimage\"},\"thumbnailUrl\":\"http:\\\/\\\/www.coulissesduchef.com\\\/site\\\/wp-content\\\/uploads\\\/et_temp\\\/image-1-1024x859-716511_1024x675.png\",\"articleSection\":[\"blog\"],\"inLanguage\":\"fr-FR\"},{\"@type\":\"WebPage\",\"@id\":\"https:\\\/\\\/www.coulissesduchef.com\\\/site\\\/privatisation-atelier-de-cuisine-private-cooking-class\\\/\",\"url\":\"https:\\\/\\\/www.coulissesduchef.com\\\/site\\\/privatisation-atelier-de-cuisine-private-cooking-class\\\/\",\"name\":\"Privatisation atelier de cuisine \\\"PRIVATE COOKING CLASS\\\" - Cours de cuisine \u00e0 Paris\",\"isPartOf\":{\"@id\":\"https:\\\/\\\/www.coulissesduchef.com\\\/site\\\/#website\"},\"primaryImageOfPage\":{\"@id\":\"https:\\\/\\\/www.coulissesduchef.com\\\/site\\\/privatisation-atelier-de-cuisine-private-cooking-class\\\/#primaryimage\"},\"image\":{\"@id\":\"https:\\\/\\\/www.coulissesduchef.com\\\/site\\\/privatisation-atelier-de-cuisine-private-cooking-class\\\/#primaryimage\"},\"thumbnailUrl\":\"http:\\\/\\\/www.coulissesduchef.com\\\/site\\\/wp-content\\\/uploads\\\/et_temp\\\/image-1-1024x859-716511_1024x675.png\",\"datePublished\":\"2015-03-23T15:28:44+00:00\",\"dateModified\":\"2024-08-30T05:54:29+00:00\",\"author\":{\"@id\":\"https:\\\/\\\/www.coulissesduchef.com\\\/site\\\/#\\\/schema\\\/person\\\/63b46e062c5eee31b00b2dc2b2ee6ed0\"},\"breadcrumb\":{\"@id\":\"https:\\\/\\\/www.coulissesduchef.com\\\/site\\\/privatisation-atelier-de-cuisine-private-cooking-class\\\/#breadcrumb\"},\"inLanguage\":\"fr-FR\",\"potentialAction\":[{\"@type\":\"ReadAction\",\"target\":[\"https:\\\/\\\/www.coulissesduchef.com\\\/site\\\/privatisation-atelier-de-cuisine-private-cooking-class\\\/\"]}]},{\"@type\":\"ImageObject\",\"inLanguage\":\"fr-FR\",\"@id\":\"https:\\\/\\\/www.coulissesduchef.com\\\/site\\\/privatisation-atelier-de-cuisine-private-cooking-class\\\/#primaryimage\",\"url\":\"http:\\\/\\\/www.coulissesduchef.com\\\/site\\\/wp-content\\\/uploads\\\/et_temp\\\/image-1-1024x859-716511_1024x675.png\",\"contentUrl\":\"http:\\\/\\\/www.coulissesduchef.com\\\/site\\\/wp-content\\\/uploads\\\/et_temp\\\/image-1-1024x859-716511_1024x675.png\"},{\"@type\":\"BreadcrumbList\",\"@id\":\"https:\\\/\\\/www.coulissesduchef.com\\\/site\\\/privatisation-atelier-de-cuisine-private-cooking-class\\\/#breadcrumb\",\"itemListElement\":[{\"@type\":\"ListItem\",\"position\":1,\"name\":\"Accueil\",\"item\":\"https:\\\/\\\/www.coulissesduchef.com\\\/site\\\/\"},{\"@type\":\"ListItem\",\"position\":2,\"name\":\"Privatisation atelier de cuisine \u00ab\u00a0PRIVATE COOKING CLASS\u00a0\u00bb\"}]},{\"@type\":\"WebSite\",\"@id\":\"https:\\\/\\\/www.coulissesduchef.com\\\/site\\\/#website\",\"url\":\"https:\\\/\\\/www.coulissesduchef.com\\\/site\\\/\",\"name\":\"Cours de cuisine \u00e0 Paris\",\"description\":\"Atelier &amp; Cours de cuisine d&#039;Olivier Bert\u00e9 Paris\",\"potentialAction\":[{\"@type\":\"SearchAction\",\"target\":{\"@type\":\"EntryPoint\",\"urlTemplate\":\"https:\\\/\\\/www.coulissesduchef.com\\\/site\\\/?s={search_term_string}\"},\"query-input\":{\"@type\":\"PropertyValueSpecification\",\"valueRequired\":true,\"valueName\":\"search_term_string\"}}],\"inLanguage\":\"fr-FR\"},{\"@type\":\"Person\",\"@id\":\"https:\\\/\\\/www.coulissesduchef.com\\\/site\\\/#\\\/schema\\\/person\\\/63b46e062c5eee31b00b2dc2b2ee6ed0\",\"name\":\"Olivier\",\"image\":{\"@type\":\"ImageObject\",\"inLanguage\":\"fr-FR\",\"@id\":\"https:\\\/\\\/secure.gravatar.com\\\/avatar\\\/dc4457e6a665885e9390bcb5066995c540255668e764c5d714d2cc50c2767b8a?s=96&d=mm&r=g\",\"url\":\"https:\\\/\\\/secure.gravatar.com\\\/avatar\\\/dc4457e6a665885e9390bcb5066995c540255668e764c5d714d2cc50c2767b8a?s=96&d=mm&r=g\",\"contentUrl\":\"https:\\\/\\\/secure.gravatar.com\\\/avatar\\\/dc4457e6a665885e9390bcb5066995c540255668e764c5d714d2cc50c2767b8a?s=96&d=mm&r=g\",\"caption\":\"Olivier\"},\"url\":\"https:\\\/\\\/www.coulissesduchef.com\\\/site\\\/author\\\/aid91\\\/\"}]}<\/script>\n<!-- \/ Yoast SEO plugin. -->","yoast_head_json":{"title":"Privatisation atelier de cuisine \"PRIVATE COOKING CLASS\" - Cours de cuisine \u00e0 Paris","robots":{"index":"index","follow":"follow","max-snippet":"max-snippet:-1","max-image-preview":"max-image-preview:large","max-video-preview":"max-video-preview:-1"},"canonical":"https:\/\/www.coulissesduchef.com\/site\/privatisation-atelier-de-cuisine-private-cooking-class\/","og_locale":"fr_FR","og_type":"article","og_title":"Privatisation atelier de cuisine \"PRIVATE COOKING CLASS\" - Cours de cuisine \u00e0 Paris","og_description":"UN ATELIER DE CUISINE AVEC OLIVIER BERTE, PRIVATISER ! En partenariat avec des agences de voyages ou des conciergeries priv\u00e9es, Olivier Bert\u00e9 propose des privatisations pour un\u00a0Atelier de cuisine au \u00a0\u00ab\u00a0Coulisses du Chef\u00a0\u00bb 7 rue Paul Lelong 75002 Paris. De nombreux \u00e9trangers en vacances \u00e0 Paris appr\u00e9cie la\u00a0formule suivante : Un tour du March\u00e9 chez [&hellip;]","og_url":"https:\/\/www.coulissesduchef.com\/site\/privatisation-atelier-de-cuisine-private-cooking-class\/","og_site_name":"Cours de cuisine \u00e0 Paris","article_published_time":"2015-03-23T15:28:44+00:00","article_modified_time":"2024-08-30T05:54:29+00:00","og_image":[{"url":"http:\/\/www.coulissesduchef.com\/site\/wp-content\/uploads\/et_temp\/image-1-1024x859-716511_1024x675.png","type":"","width":"","height":""}],"author":"Olivier","twitter_card":"summary_large_image","twitter_misc":{"\u00c9crit par":"Olivier","Dur\u00e9e de lecture estim\u00e9e":"1 minute"},"schema":{"@context":"https:\/\/schema.org","@graph":[{"@type":"Article","@id":"https:\/\/www.coulissesduchef.com\/site\/privatisation-atelier-de-cuisine-private-cooking-class\/#article","isPartOf":{"@id":"https:\/\/www.coulissesduchef.com\/site\/privatisation-atelier-de-cuisine-private-cooking-class\/"},"author":{"name":"Olivier","@id":"https:\/\/www.coulissesduchef.com\/site\/#\/schema\/person\/63b46e062c5eee31b00b2dc2b2ee6ed0"},"headline":"Privatisation atelier de cuisine \u00ab\u00a0PRIVATE COOKING CLASS\u00a0\u00bb","datePublished":"2015-03-23T15:28:44+00:00","dateModified":"2024-08-30T05:54:29+00:00","mainEntityOfPage":{"@id":"https:\/\/www.coulissesduchef.com\/site\/privatisation-atelier-de-cuisine-private-cooking-class\/"},"wordCount":143,"image":{"@id":"https:\/\/www.coulissesduchef.com\/site\/privatisation-atelier-de-cuisine-private-cooking-class\/#primaryimage"},"thumbnailUrl":"http:\/\/www.coulissesduchef.com\/site\/wp-content\/uploads\/et_temp\/image-1-1024x859-716511_1024x675.png","articleSection":["blog"],"inLanguage":"fr-FR"},{"@type":"WebPage","@id":"https:\/\/www.coulissesduchef.com\/site\/privatisation-atelier-de-cuisine-private-cooking-class\/","url":"https:\/\/www.coulissesduchef.com\/site\/privatisation-atelier-de-cuisine-private-cooking-class\/","name":"Privatisation atelier de cuisine \"PRIVATE COOKING CLASS\" - Cours de cuisine \u00e0 Paris","isPartOf":{"@id":"https:\/\/www.coulissesduchef.com\/site\/#website"},"primaryImageOfPage":{"@id":"https:\/\/www.coulissesduchef.com\/site\/privatisation-atelier-de-cuisine-private-cooking-class\/#primaryimage"},"image":{"@id":"https:\/\/www.coulissesduchef.com\/site\/privatisation-atelier-de-cuisine-private-cooking-class\/#primaryimage"},"thumbnailUrl":"http:\/\/www.coulissesduchef.com\/site\/wp-content\/uploads\/et_temp\/image-1-1024x859-716511_1024x675.png","datePublished":"2015-03-23T15:28:44+00:00","dateModified":"2024-08-30T05:54:29+00:00","author":{"@id":"https:\/\/www.coulissesduchef.com\/site\/#\/schema\/person\/63b46e062c5eee31b00b2dc2b2ee6ed0"},"breadcrumb":{"@id":"https:\/\/www.coulissesduchef.com\/site\/privatisation-atelier-de-cuisine-private-cooking-class\/#breadcrumb"},"inLanguage":"fr-FR","potentialAction":[{"@type":"ReadAction","target":["https:\/\/www.coulissesduchef.com\/site\/privatisation-atelier-de-cuisine-private-cooking-class\/"]}]},{"@type":"ImageObject","inLanguage":"fr-FR","@id":"https:\/\/www.coulissesduchef.com\/site\/privatisation-atelier-de-cuisine-private-cooking-class\/#primaryimage","url":"http:\/\/www.coulissesduchef.com\/site\/wp-content\/uploads\/et_temp\/image-1-1024x859-716511_1024x675.png","contentUrl":"http:\/\/www.coulissesduchef.com\/site\/wp-content\/uploads\/et_temp\/image-1-1024x859-716511_1024x675.png"},{"@type":"BreadcrumbList","@id":"https:\/\/www.coulissesduchef.com\/site\/privatisation-atelier-de-cuisine-private-cooking-class\/#breadcrumb","itemListElement":[{"@type":"ListItem","position":1,"name":"Accueil","item":"https:\/\/www.coulissesduchef.com\/site\/"},{"@type":"ListItem","position":2,"name":"Privatisation atelier de cuisine \u00ab\u00a0PRIVATE COOKING CLASS\u00a0\u00bb"}]},{"@type":"WebSite","@id":"https:\/\/www.coulissesduchef.com\/site\/#website","url":"https:\/\/www.coulissesduchef.com\/site\/","name":"Cours de cuisine \u00e0 Paris","description":"Atelier &amp; Cours de cuisine d&#039;Olivier Bert\u00e9 Paris","potentialAction":[{"@type":"SearchAction","target":{"@type":"EntryPoint","urlTemplate":"https:\/\/www.coulissesduchef.com\/site\/?s={search_term_string}"},"query-input":{"@type":"PropertyValueSpecification","valueRequired":true,"valueName":"search_term_string"}}],"inLanguage":"fr-FR"},{"@type":"Person","@id":"https:\/\/www.coulissesduchef.com\/site\/#\/schema\/person\/63b46e062c5eee31b00b2dc2b2ee6ed0","name":"Olivier","image":{"@type":"ImageObject","inLanguage":"fr-FR","@id":"https:\/\/secure.gravatar.com\/avatar\/dc4457e6a665885e9390bcb5066995c540255668e764c5d714d2cc50c2767b8a?s=96&d=mm&r=g","url":"https:\/\/secure.gravatar.com\/avatar\/dc4457e6a665885e9390bcb5066995c540255668e764c5d714d2cc50c2767b8a?s=96&d=mm&r=g","contentUrl":"https:\/\/secure.gravatar.com\/avatar\/dc4457e6a665885e9390bcb5066995c540255668e764c5d714d2cc50c2767b8a?s=96&d=mm&r=g","caption":"Olivier"},"url":"https:\/\/www.coulissesduchef.com\/site\/author\/aid91\/"}]}},"_links":{"self":[{"href":"https:\/\/www.coulissesduchef.com\/site\/wp-json\/wp\/v2\/posts\/1401","targetHints":{"allow":["GET"]}}],"collection":[{"href":"https:\/\/www.coulissesduchef.com\/site\/wp-json\/wp\/v2\/posts"}],"about":[{"href":"https:\/\/www.coulissesduchef.com\/site\/wp-json\/wp\/v2\/types\/post"}],"author":[{"embeddable":true,"href":"https:\/\/www.coulissesduchef.com\/site\/wp-json\/wp\/v2\/users\/2"}],"replies":[{"embeddable":true,"href":"https:\/\/www.coulissesduchef.com\/site\/wp-json\/wp\/v2\/comments?post=1401"}],"version-history":[{"count":0,"href":"https:\/\/www.coulissesduchef.com\/site\/wp-json\/wp\/v2\/posts\/1401\/revisions"}],"wp:attachment":[{"href":"https:\/\/www.coulissesduchef.com\/site\/wp-json\/wp\/v2\/media?parent=1401"}],"wp:term":[{"taxonomy":"category","embeddable":true,"href":"https:\/\/www.coulissesduchef.com\/site\/wp-json\/wp\/v2\/categories?post=1401"},{"taxonomy":"post_tag","embeddable":true,"href":"https:\/\/www.coulissesduchef.com\/site\/wp-json\/wp\/v2\/tags?post=1401"}],"curies":[{"name":"wp","href":"https:\/\/api.w.org\/{rel}","templated":true}]}}