{"id":1373,"date":"2015-01-23T18:00:49","date_gmt":"2015-01-23T17:00:49","guid":{"rendered":"http:\/\/www.coulissesduchef.com\/site\/?p=1373"},"modified":"2024-08-22T08:10:45","modified_gmt":"2024-08-22T07:10:45","slug":"shooping-photos-au-x-coulisses-du-chef","status":"publish","type":"post","link":"https:\/\/www.coulissesduchef.com\/site\/shooping-photos-au-x-coulisses-du-chef\/","title":{"rendered":"SHOOPING PHOTOS AU X COULISSES DU CHEF"},"content":{"rendered":"<p>[et_pb_section fb_built=\u00a0\u00bb1&Prime; admin_label=\u00a0\u00bbsection\u00a0\u00bb _builder_version=\u00a0\u00bb4.16&Prime; global_colors_info=\u00a0\u00bb{}\u00a0\u00bb][et_pb_row admin_label=\u00a0\u00bbrow\u00a0\u00bb _builder_version=\u00a0\u00bb4.16&Prime; background_size=\u00a0\u00bbinitial\u00a0\u00bb background_position=\u00a0\u00bbtop_left\u00a0\u00bb background_repeat=\u00a0\u00bbrepeat\u00a0\u00bb global_colors_info=\u00a0\u00bb{}\u00a0\u00bb][et_pb_column type=\u00a0\u00bb4_4&Prime; _builder_version=\u00a0\u00bb4.16&Prime; custom_padding=\u00a0\u00bb|||\u00a0\u00bb global_colors_info=\u00a0\u00bb{}\u00a0\u00bb custom_padding__hover=\u00a0\u00bb|||\u00a0\u00bb][et_pb_text admin_label=\u00a0\u00bbText\u00a0\u00bb _builder_version=\u00a0\u00bb4.16&Prime; background_size=\u00a0\u00bbinitial\u00a0\u00bb background_position=\u00a0\u00bbtop_left\u00a0\u00bb background_repeat=\u00a0\u00bbrepeat\u00a0\u00bb global_colors_info=\u00a0\u00bb{}\u00a0\u00bb]<\/p>\n<p><span style=\"font-size: large;\">Les Coulisses du Chef ont\u00a0re\u00e7u un photographe durant \u00a0un Atelier de cuisnie orchestr\u00e9 par le Chef, Olivier Bert\u00e9.<\/span><\/p>\n<p><span style=\"font-size: large;\">De splendides photographies ont su saisir l&rsquo;astmoph\u00e8re des cours.<\/span><\/p>\n<p><span style=\"font-size: large;\">Merci aux \u00e9l\u00e8ves pour leur participation.<\/span><\/p>\n<p><span style=\"font-size: large;\">\u00a0<\/span><\/p>\n<p><span style=\"font-size: large;\"><a href=\"https:\/\/www.coulissesduchef.com\/site\/wp-content\/uploads\/2015\/01\/Olivier3-640x427.jpg\"><img loading=\"lazy\" decoding=\"async\" class=\"alignleft size-medium wp-image-1378\" src=\"https:\/\/www.coulissesduchef.com\/site\/wp-content\/uploads\/2015\/01\/Olivier3-640x427-300x200.jpg\" alt=\"Olivier3 (640x427)\" width=\"300\" height=\"200\" srcset=\"https:\/\/www.coulissesduchef.com\/site\/wp-content\/uploads\/2015\/01\/Olivier3-640x427-300x200.jpg 300w, https:\/\/www.coulissesduchef.com\/site\/wp-content\/uploads\/2015\/01\/Olivier3-640x427-600x400.jpg 600w, https:\/\/www.coulissesduchef.com\/site\/wp-content\/uploads\/2015\/01\/Olivier3-640x427.jpg 640w\" sizes=\"(max-width: 300px) 100vw, 300px\" \/><\/a><a href=\"https:\/\/www.coulissesduchef.com\/site\/wp-content\/uploads\/2015\/01\/Olivier2-640x427.jpg\"><img loading=\"lazy\" decoding=\"async\" class=\"size-medium wp-image-1376 aligncenter\" src=\"https:\/\/www.coulissesduchef.com\/site\/wp-content\/uploads\/2015\/01\/Olivier2-640x427-300x200.jpg\" alt=\"Atelier de cuisine Olivier Bert\u00e9\" width=\"300\" height=\"200\" srcset=\"https:\/\/www.coulissesduchef.com\/site\/wp-content\/uploads\/2015\/01\/Olivier2-640x427-300x200.jpg 300w, https:\/\/www.coulissesduchef.com\/site\/wp-content\/uploads\/2015\/01\/Olivier2-640x427-600x400.jpg 600w, https:\/\/www.coulissesduchef.com\/site\/wp-content\/uploads\/2015\/01\/Olivier2-640x427.jpg 640w\" sizes=\"(max-width: 300px) 100vw, 300px\" \/><\/a><\/span><\/p>\n<p><span style=\"font-size: large;\"><a href=\"https:\/\/www.coulissesduchef.com\/site\/wp-content\/uploads\/2015\/01\/olivier5-640x427.jpg\"><img loading=\"lazy\" decoding=\"async\" class=\"alignleft size-medium wp-image-1381\" src=\"https:\/\/www.coulissesduchef.com\/site\/wp-content\/uploads\/2015\/01\/olivier5-640x427-300x200.jpg\" alt=\"olivier5 (640x427)\" width=\"300\" height=\"200\" srcset=\"https:\/\/www.coulissesduchef.com\/site\/wp-content\/uploads\/2015\/01\/olivier5-640x427-300x200.jpg 300w, https:\/\/www.coulissesduchef.com\/site\/wp-content\/uploads\/2015\/01\/olivier5-640x427-600x400.jpg 600w, https:\/\/www.coulissesduchef.com\/site\/wp-content\/uploads\/2015\/01\/olivier5-640x427.jpg 640w\" sizes=\"(max-width: 300px) 100vw, 300px\" \/><\/a><\/span><\/p>\n<p><span style=\"font-size: large;\">\u00a0<\/span><\/p>\n<p><span style=\"font-size: large;\">\u00a0<\/span><\/p>\n<p><span style=\"font-size: large;\"><a href=\"https:\/\/www.coulissesduchef.com\/site\/wp-content\/uploads\/2015\/01\/O9-640x427.jpg\"><img loading=\"lazy\" decoding=\"async\" class=\" size-medium wp-image-1380 aligncenter\" src=\"https:\/\/www.coulissesduchef.com\/site\/wp-content\/uploads\/2015\/01\/O9-640x427-300x200.jpg\" alt=\"O9 (640x427)\" width=\"300\" height=\"200\" srcset=\"https:\/\/www.coulissesduchef.com\/site\/wp-content\/uploads\/2015\/01\/O9-640x427-300x200.jpg 300w, https:\/\/www.coulissesduchef.com\/site\/wp-content\/uploads\/2015\/01\/O9-640x427-600x400.jpg 600w, https:\/\/www.coulissesduchef.com\/site\/wp-content\/uploads\/2015\/01\/O9-640x427.jpg 640w\" sizes=\"(max-width: 300px) 100vw, 300px\" \/><\/a><\/span><\/p>\n<p><span style=\"font-size: large;\"><a href=\"https:\/\/www.coulissesduchef.com\/site\/wp-content\/uploads\/2015\/01\/olivier9-640x427.jpg\"><img loading=\"lazy\" decoding=\"async\" class=\"alignleft size-medium wp-image-1384\" src=\"https:\/\/www.coulissesduchef.com\/site\/wp-content\/uploads\/2015\/01\/olivier9-640x427-300x200.jpg\" alt=\"olivier9 (640x427)\" width=\"300\" height=\"200\" srcset=\"https:\/\/www.coulissesduchef.com\/site\/wp-content\/uploads\/2015\/01\/olivier9-640x427-300x200.jpg 300w, https:\/\/www.coulissesduchef.com\/site\/wp-content\/uploads\/2015\/01\/olivier9-640x427-600x400.jpg 600w, https:\/\/www.coulissesduchef.com\/site\/wp-content\/uploads\/2015\/01\/olivier9-640x427.jpg 640w\" sizes=\"(max-width: 300px) 100vw, 300px\" \/><\/a><\/span><\/p>\n<p><span style=\"font-size: large;\"><a href=\"https:\/\/www.coulissesduchef.com\/site\/wp-content\/uploads\/2015\/01\/olivier7-640x427.jpg\"><img loading=\"lazy\" decoding=\"async\" class=\" size-medium wp-image-1383 aligncenter\" src=\"https:\/\/www.coulissesduchef.com\/site\/wp-content\/uploads\/2015\/01\/olivier7-640x427-300x200.jpg\" alt=\"olivier7 (640x427)\" width=\"300\" height=\"200\" srcset=\"https:\/\/www.coulissesduchef.com\/site\/wp-content\/uploads\/2015\/01\/olivier7-640x427-300x200.jpg 300w, https:\/\/www.coulissesduchef.com\/site\/wp-content\/uploads\/2015\/01\/olivier7-640x427-600x400.jpg 600w, https:\/\/www.coulissesduchef.com\/site\/wp-content\/uploads\/2015\/01\/olivier7-640x427.jpg 640w\" sizes=\"(max-width: 300px) 100vw, 300px\" \/><\/a><\/span><\/p>\n<p><span style=\"font-size: large;\"><a href=\"https:\/\/www.coulissesduchef.com\/site\/wp-content\/uploads\/2015\/01\/olivier11-640x427.jpg\"><img loading=\"lazy\" decoding=\"async\" class=\"alignleft size-medium wp-image-1385\" src=\"https:\/\/www.coulissesduchef.com\/site\/wp-content\/uploads\/2015\/01\/olivier11-640x427-300x200.jpg\" alt=\"olivier11 (640x427)\" width=\"300\" height=\"200\" srcset=\"https:\/\/www.coulissesduchef.com\/site\/wp-content\/uploads\/2015\/01\/olivier11-640x427-300x200.jpg 300w, https:\/\/www.coulissesduchef.com\/site\/wp-content\/uploads\/2015\/01\/olivier11-640x427-600x400.jpg 600w, https:\/\/www.coulissesduchef.com\/site\/wp-content\/uploads\/2015\/01\/olivier11-640x427.jpg 640w\" sizes=\"(max-width: 300px) 100vw, 300px\" \/><\/a><\/span><\/p>\n<p>[\/et_pb_text][\/et_pb_column][\/et_pb_row][\/et_pb_section]<\/p>\n","protected":false},"excerpt":{"rendered":"<p>Les Coulisses du Chef ont\u00a0re\u00e7u un photographe durant \u00a0un Atelier de cuisnie orchestr\u00e9 par le Chef, Olivier Bert\u00e9. De splendides photographies ont su saisir l&rsquo;astmoph\u00e8re des cours. Merci aux \u00e9l\u00e8ves pour leur participation. \u00a0 \u00a0 \u00a0<\/p>\n","protected":false},"author":2,"featured_media":0,"comment_status":"closed","ping_status":"closed","sticky":false,"template":"","format":"standard","meta":{"_et_pb_use_builder":"on","_et_pb_old_content":"Les Coulisses du Chef ont\u00a0re\u00e7u un photographe durant \u00a0un Atelier de cuisnie orchestr\u00e9 par le Chef, Olivier Bert\u00e9.\r\n\r\nDe\u00a0splandides photographies ont su saisir l'astmoph\u00e8re des cours.\r\n\r\nMerci aux \u00e9l\u00e8ves pour leur participation.\r\n\r\n&nbsp;\r\n\r\n<a href=\"http:\/\/www.coulissesduchef.com\/site\/wp-content\/uploads\/2015\/01\/Olivier3-640x427.jpg\"><img class=\"alignleft size-medium wp-image-1378\" src=\"http:\/\/www.coulissesduchef.com\/site\/wp-content\/uploads\/2015\/01\/Olivier3-640x427-300x200.jpg\" alt=\"Olivier3 (640x427)\" width=\"300\" height=\"200\" \/><\/a><a href=\"http:\/\/www.coulissesduchef.com\/site\/wp-content\/uploads\/2015\/01\/Olivier2-640x427.jpg\"><img class=\"size-medium wp-image-1376 aligncenter\" src=\"http:\/\/www.coulissesduchef.com\/site\/wp-content\/uploads\/2015\/01\/Olivier2-640x427-300x200.jpg\" alt=\"Atelier de cuisine Olivier Bert\u00e9\" width=\"300\" height=\"200\" \/><\/a>\r\n\r\n<a href=\"http:\/\/www.coulissesduchef.com\/site\/wp-content\/uploads\/2015\/01\/olivier5-640x427.jpg\"><img class=\"alignleft size-medium wp-image-1381\" src=\"http:\/\/www.coulissesduchef.com\/site\/wp-content\/uploads\/2015\/01\/olivier5-640x427-300x200.jpg\" alt=\"olivier5 (640x427)\" width=\"300\" height=\"200\" \/><\/a>\r\n\r\n&nbsp;\r\n\r\n&nbsp;\r\n\r\n<a href=\"http:\/\/www.coulissesduchef.com\/site\/wp-content\/uploads\/2015\/01\/O9-640x427.jpg\"><img class=\" size-medium wp-image-1380 aligncenter\" src=\"http:\/\/www.coulissesduchef.com\/site\/wp-content\/uploads\/2015\/01\/O9-640x427-300x200.jpg\" alt=\"O9 (640x427)\" width=\"300\" height=\"200\" \/><\/a>\r\n\r\n<a href=\"http:\/\/www.coulissesduchef.com\/site\/wp-content\/uploads\/2015\/01\/olivier9-640x427.jpg\"><img class=\"alignleft size-medium wp-image-1384\" src=\"http:\/\/www.coulissesduchef.com\/site\/wp-content\/uploads\/2015\/01\/olivier9-640x427-300x200.jpg\" alt=\"olivier9 (640x427)\" width=\"300\" height=\"200\" \/><\/a>\r\n\r\n<a href=\"http:\/\/www.coulissesduchef.com\/site\/wp-content\/uploads\/2015\/01\/olivier7-640x427.jpg\"><img class=\" size-medium wp-image-1383 aligncenter\" src=\"http:\/\/www.coulissesduchef.com\/site\/wp-content\/uploads\/2015\/01\/olivier7-640x427-300x200.jpg\" alt=\"olivier7 (640x427)\" width=\"300\" height=\"200\" \/><\/a>\r\n\r\n<a href=\"http:\/\/www.coulissesduchef.com\/site\/wp-content\/uploads\/2015\/01\/olivier11-640x427.jpg\"><img class=\"alignleft size-medium wp-image-1385\" src=\"http:\/\/www.coulissesduchef.com\/site\/wp-content\/uploads\/2015\/01\/olivier11-640x427-300x200.jpg\" alt=\"olivier11 (640x427)\" width=\"300\" height=\"200\" \/><\/a>","_et_gb_content_width":"","footnotes":""},"categories":[6],"tags":[],"class_list":["post-1373","post","type-post","status-publish","format-standard","hentry","category-blog"],"yoast_head":"<!-- This site is optimized with the Yoast SEO plugin v27.5 - https:\/\/yoast.com\/product\/yoast-seo-wordpress\/ -->\n<title>SHOOPING PHOTOS AU X COULISSES DU CHEF - Cours de cuisine \u00e0 Paris<\/title>\n<meta name=\"robots\" content=\"index, follow, max-snippet:-1, max-image-preview:large, max-video-preview:-1\" \/>\n<link rel=\"canonical\" href=\"https:\/\/www.coulissesduchef.com\/site\/shooping-photos-au-x-coulisses-du-chef\/\" \/>\n<meta property=\"og:locale\" content=\"fr_FR\" \/>\n<meta property=\"og:type\" content=\"article\" \/>\n<meta property=\"og:title\" content=\"SHOOPING PHOTOS AU X COULISSES DU CHEF - Cours de cuisine \u00e0 Paris\" \/>\n<meta property=\"og:description\" content=\"Les Coulisses du Chef ont\u00a0re\u00e7u un photographe durant \u00a0un Atelier de cuisnie orchestr\u00e9 par le Chef, Olivier Bert\u00e9. De splendides photographies ont su saisir l&#039;astmoph\u00e8re des cours. Merci aux \u00e9l\u00e8ves pour leur participation. \u00a0 \u00a0 \u00a0\" \/>\n<meta property=\"og:url\" content=\"https:\/\/www.coulissesduchef.com\/site\/shooping-photos-au-x-coulisses-du-chef\/\" \/>\n<meta property=\"og:site_name\" content=\"Cours de cuisine \u00e0 Paris\" \/>\n<meta property=\"article:published_time\" content=\"2015-01-23T17:00:49+00:00\" \/>\n<meta property=\"article:modified_time\" content=\"2024-08-22T07:10:45+00:00\" \/>\n<meta property=\"og:image\" content=\"http:\/\/www.coulissesduchef.com\/site\/wp-content\/uploads\/2015\/01\/Olivier3-640x427-300x200.jpg\" \/>\n<meta name=\"author\" content=\"Olivier\" \/>\n<meta name=\"twitter:card\" content=\"summary_large_image\" \/>\n<meta name=\"twitter:label1\" content=\"\u00c9crit par\" \/>\n\t<meta name=\"twitter:data1\" content=\"Olivier\" \/>\n\t<meta name=\"twitter:label2\" content=\"Dur\u00e9e de lecture estim\u00e9e\" \/>\n\t<meta name=\"twitter:data2\" content=\"2 minutes\" \/>\n<script type=\"application\/ld+json\" class=\"yoast-schema-graph\">{\"@context\":\"https:\\\/\\\/schema.org\",\"@graph\":[{\"@type\":\"Article\",\"@id\":\"https:\\\/\\\/www.coulissesduchef.com\\\/site\\\/shooping-photos-au-x-coulisses-du-chef\\\/#article\",\"isPartOf\":{\"@id\":\"https:\\\/\\\/www.coulissesduchef.com\\\/site\\\/shooping-photos-au-x-coulisses-du-chef\\\/\"},\"author\":{\"name\":\"Olivier\",\"@id\":\"https:\\\/\\\/www.coulissesduchef.com\\\/site\\\/#\\\/schema\\\/person\\\/63b46e062c5eee31b00b2dc2b2ee6ed0\"},\"headline\":\"SHOOPING PHOTOS AU X COULISSES DU CHEF\",\"datePublished\":\"2015-01-23T17:00:49+00:00\",\"dateModified\":\"2024-08-22T07:10:45+00:00\",\"mainEntityOfPage\":{\"@id\":\"https:\\\/\\\/www.coulissesduchef.com\\\/site\\\/shooping-photos-au-x-coulisses-du-chef\\\/\"},\"wordCount\":126,\"image\":{\"@id\":\"https:\\\/\\\/www.coulissesduchef.com\\\/site\\\/shooping-photos-au-x-coulisses-du-chef\\\/#primaryimage\"},\"thumbnailUrl\":\"http:\\\/\\\/www.coulissesduchef.com\\\/site\\\/wp-content\\\/uploads\\\/2015\\\/01\\\/Olivier3-640x427-300x200.jpg\",\"articleSection\":[\"blog\"],\"inLanguage\":\"fr-FR\"},{\"@type\":\"WebPage\",\"@id\":\"https:\\\/\\\/www.coulissesduchef.com\\\/site\\\/shooping-photos-au-x-coulisses-du-chef\\\/\",\"url\":\"https:\\\/\\\/www.coulissesduchef.com\\\/site\\\/shooping-photos-au-x-coulisses-du-chef\\\/\",\"name\":\"SHOOPING PHOTOS AU X COULISSES DU CHEF - Cours de cuisine \u00e0 Paris\",\"isPartOf\":{\"@id\":\"https:\\\/\\\/www.coulissesduchef.com\\\/site\\\/#website\"},\"primaryImageOfPage\":{\"@id\":\"https:\\\/\\\/www.coulissesduchef.com\\\/site\\\/shooping-photos-au-x-coulisses-du-chef\\\/#primaryimage\"},\"image\":{\"@id\":\"https:\\\/\\\/www.coulissesduchef.com\\\/site\\\/shooping-photos-au-x-coulisses-du-chef\\\/#primaryimage\"},\"thumbnailUrl\":\"http:\\\/\\\/www.coulissesduchef.com\\\/site\\\/wp-content\\\/uploads\\\/2015\\\/01\\\/Olivier3-640x427-300x200.jpg\",\"datePublished\":\"2015-01-23T17:00:49+00:00\",\"dateModified\":\"2024-08-22T07:10:45+00:00\",\"author\":{\"@id\":\"https:\\\/\\\/www.coulissesduchef.com\\\/site\\\/#\\\/schema\\\/person\\\/63b46e062c5eee31b00b2dc2b2ee6ed0\"},\"breadcrumb\":{\"@id\":\"https:\\\/\\\/www.coulissesduchef.com\\\/site\\\/shooping-photos-au-x-coulisses-du-chef\\\/#breadcrumb\"},\"inLanguage\":\"fr-FR\",\"potentialAction\":[{\"@type\":\"ReadAction\",\"target\":[\"https:\\\/\\\/www.coulissesduchef.com\\\/site\\\/shooping-photos-au-x-coulisses-du-chef\\\/\"]}]},{\"@type\":\"ImageObject\",\"inLanguage\":\"fr-FR\",\"@id\":\"https:\\\/\\\/www.coulissesduchef.com\\\/site\\\/shooping-photos-au-x-coulisses-du-chef\\\/#primaryimage\",\"url\":\"https:\\\/\\\/www.coulissesduchef.com\\\/site\\\/wp-content\\\/uploads\\\/2015\\\/01\\\/Olivier3-640x427.jpg\",\"contentUrl\":\"https:\\\/\\\/www.coulissesduchef.com\\\/site\\\/wp-content\\\/uploads\\\/2015\\\/01\\\/Olivier3-640x427.jpg\",\"width\":640,\"height\":427},{\"@type\":\"BreadcrumbList\",\"@id\":\"https:\\\/\\\/www.coulissesduchef.com\\\/site\\\/shooping-photos-au-x-coulisses-du-chef\\\/#breadcrumb\",\"itemListElement\":[{\"@type\":\"ListItem\",\"position\":1,\"name\":\"Accueil\",\"item\":\"https:\\\/\\\/www.coulissesduchef.com\\\/site\\\/\"},{\"@type\":\"ListItem\",\"position\":2,\"name\":\"SHOOPING PHOTOS AU X COULISSES DU CHEF\"}]},{\"@type\":\"WebSite\",\"@id\":\"https:\\\/\\\/www.coulissesduchef.com\\\/site\\\/#website\",\"url\":\"https:\\\/\\\/www.coulissesduchef.com\\\/site\\\/\",\"name\":\"Cours de cuisine \u00e0 Paris\",\"description\":\"Atelier &amp; Cours de cuisine d&#039;Olivier Bert\u00e9 Paris\",\"potentialAction\":[{\"@type\":\"SearchAction\",\"target\":{\"@type\":\"EntryPoint\",\"urlTemplate\":\"https:\\\/\\\/www.coulissesduchef.com\\\/site\\\/?s={search_term_string}\"},\"query-input\":{\"@type\":\"PropertyValueSpecification\",\"valueRequired\":true,\"valueName\":\"search_term_string\"}}],\"inLanguage\":\"fr-FR\"},{\"@type\":\"Person\",\"@id\":\"https:\\\/\\\/www.coulissesduchef.com\\\/site\\\/#\\\/schema\\\/person\\\/63b46e062c5eee31b00b2dc2b2ee6ed0\",\"name\":\"Olivier\",\"image\":{\"@type\":\"ImageObject\",\"inLanguage\":\"fr-FR\",\"@id\":\"https:\\\/\\\/secure.gravatar.com\\\/avatar\\\/dc4457e6a665885e9390bcb5066995c540255668e764c5d714d2cc50c2767b8a?s=96&d=mm&r=g\",\"url\":\"https:\\\/\\\/secure.gravatar.com\\\/avatar\\\/dc4457e6a665885e9390bcb5066995c540255668e764c5d714d2cc50c2767b8a?s=96&d=mm&r=g\",\"contentUrl\":\"https:\\\/\\\/secure.gravatar.com\\\/avatar\\\/dc4457e6a665885e9390bcb5066995c540255668e764c5d714d2cc50c2767b8a?s=96&d=mm&r=g\",\"caption\":\"Olivier\"},\"url\":\"https:\\\/\\\/www.coulissesduchef.com\\\/site\\\/author\\\/aid91\\\/\"}]}<\/script>\n<!-- \/ Yoast SEO plugin. -->","yoast_head_json":{"title":"SHOOPING PHOTOS AU X COULISSES DU CHEF - Cours de cuisine \u00e0 Paris","robots":{"index":"index","follow":"follow","max-snippet":"max-snippet:-1","max-image-preview":"max-image-preview:large","max-video-preview":"max-video-preview:-1"},"canonical":"https:\/\/www.coulissesduchef.com\/site\/shooping-photos-au-x-coulisses-du-chef\/","og_locale":"fr_FR","og_type":"article","og_title":"SHOOPING PHOTOS AU X COULISSES DU CHEF - Cours de cuisine \u00e0 Paris","og_description":"Les Coulisses du Chef ont\u00a0re\u00e7u un photographe durant \u00a0un Atelier de cuisnie orchestr\u00e9 par le Chef, Olivier Bert\u00e9. De splendides photographies ont su saisir l'astmoph\u00e8re des cours. Merci aux \u00e9l\u00e8ves pour leur participation. \u00a0 \u00a0 \u00a0","og_url":"https:\/\/www.coulissesduchef.com\/site\/shooping-photos-au-x-coulisses-du-chef\/","og_site_name":"Cours de cuisine \u00e0 Paris","article_published_time":"2015-01-23T17:00:49+00:00","article_modified_time":"2024-08-22T07:10:45+00:00","og_image":[{"url":"http:\/\/www.coulissesduchef.com\/site\/wp-content\/uploads\/2015\/01\/Olivier3-640x427-300x200.jpg","type":"","width":"","height":""}],"author":"Olivier","twitter_card":"summary_large_image","twitter_misc":{"\u00c9crit par":"Olivier","Dur\u00e9e de lecture estim\u00e9e":"2 minutes"},"schema":{"@context":"https:\/\/schema.org","@graph":[{"@type":"Article","@id":"https:\/\/www.coulissesduchef.com\/site\/shooping-photos-au-x-coulisses-du-chef\/#article","isPartOf":{"@id":"https:\/\/www.coulissesduchef.com\/site\/shooping-photos-au-x-coulisses-du-chef\/"},"author":{"name":"Olivier","@id":"https:\/\/www.coulissesduchef.com\/site\/#\/schema\/person\/63b46e062c5eee31b00b2dc2b2ee6ed0"},"headline":"SHOOPING PHOTOS AU X COULISSES DU CHEF","datePublished":"2015-01-23T17:00:49+00:00","dateModified":"2024-08-22T07:10:45+00:00","mainEntityOfPage":{"@id":"https:\/\/www.coulissesduchef.com\/site\/shooping-photos-au-x-coulisses-du-chef\/"},"wordCount":126,"image":{"@id":"https:\/\/www.coulissesduchef.com\/site\/shooping-photos-au-x-coulisses-du-chef\/#primaryimage"},"thumbnailUrl":"http:\/\/www.coulissesduchef.com\/site\/wp-content\/uploads\/2015\/01\/Olivier3-640x427-300x200.jpg","articleSection":["blog"],"inLanguage":"fr-FR"},{"@type":"WebPage","@id":"https:\/\/www.coulissesduchef.com\/site\/shooping-photos-au-x-coulisses-du-chef\/","url":"https:\/\/www.coulissesduchef.com\/site\/shooping-photos-au-x-coulisses-du-chef\/","name":"SHOOPING PHOTOS AU X COULISSES DU CHEF - Cours de cuisine \u00e0 Paris","isPartOf":{"@id":"https:\/\/www.coulissesduchef.com\/site\/#website"},"primaryImageOfPage":{"@id":"https:\/\/www.coulissesduchef.com\/site\/shooping-photos-au-x-coulisses-du-chef\/#primaryimage"},"image":{"@id":"https:\/\/www.coulissesduchef.com\/site\/shooping-photos-au-x-coulisses-du-chef\/#primaryimage"},"thumbnailUrl":"http:\/\/www.coulissesduchef.com\/site\/wp-content\/uploads\/2015\/01\/Olivier3-640x427-300x200.jpg","datePublished":"2015-01-23T17:00:49+00:00","dateModified":"2024-08-22T07:10:45+00:00","author":{"@id":"https:\/\/www.coulissesduchef.com\/site\/#\/schema\/person\/63b46e062c5eee31b00b2dc2b2ee6ed0"},"breadcrumb":{"@id":"https:\/\/www.coulissesduchef.com\/site\/shooping-photos-au-x-coulisses-du-chef\/#breadcrumb"},"inLanguage":"fr-FR","potentialAction":[{"@type":"ReadAction","target":["https:\/\/www.coulissesduchef.com\/site\/shooping-photos-au-x-coulisses-du-chef\/"]}]},{"@type":"ImageObject","inLanguage":"fr-FR","@id":"https:\/\/www.coulissesduchef.com\/site\/shooping-photos-au-x-coulisses-du-chef\/#primaryimage","url":"https:\/\/www.coulissesduchef.com\/site\/wp-content\/uploads\/2015\/01\/Olivier3-640x427.jpg","contentUrl":"https:\/\/www.coulissesduchef.com\/site\/wp-content\/uploads\/2015\/01\/Olivier3-640x427.jpg","width":640,"height":427},{"@type":"BreadcrumbList","@id":"https:\/\/www.coulissesduchef.com\/site\/shooping-photos-au-x-coulisses-du-chef\/#breadcrumb","itemListElement":[{"@type":"ListItem","position":1,"name":"Accueil","item":"https:\/\/www.coulissesduchef.com\/site\/"},{"@type":"ListItem","position":2,"name":"SHOOPING PHOTOS AU X COULISSES DU CHEF"}]},{"@type":"WebSite","@id":"https:\/\/www.coulissesduchef.com\/site\/#website","url":"https:\/\/www.coulissesduchef.com\/site\/","name":"Cours de cuisine \u00e0 Paris","description":"Atelier &amp; Cours de cuisine d&#039;Olivier Bert\u00e9 Paris","potentialAction":[{"@type":"SearchAction","target":{"@type":"EntryPoint","urlTemplate":"https:\/\/www.coulissesduchef.com\/site\/?s={search_term_string}"},"query-input":{"@type":"PropertyValueSpecification","valueRequired":true,"valueName":"search_term_string"}}],"inLanguage":"fr-FR"},{"@type":"Person","@id":"https:\/\/www.coulissesduchef.com\/site\/#\/schema\/person\/63b46e062c5eee31b00b2dc2b2ee6ed0","name":"Olivier","image":{"@type":"ImageObject","inLanguage":"fr-FR","@id":"https:\/\/secure.gravatar.com\/avatar\/dc4457e6a665885e9390bcb5066995c540255668e764c5d714d2cc50c2767b8a?s=96&d=mm&r=g","url":"https:\/\/secure.gravatar.com\/avatar\/dc4457e6a665885e9390bcb5066995c540255668e764c5d714d2cc50c2767b8a?s=96&d=mm&r=g","contentUrl":"https:\/\/secure.gravatar.com\/avatar\/dc4457e6a665885e9390bcb5066995c540255668e764c5d714d2cc50c2767b8a?s=96&d=mm&r=g","caption":"Olivier"},"url":"https:\/\/www.coulissesduchef.com\/site\/author\/aid91\/"}]}},"_links":{"self":[{"href":"https:\/\/www.coulissesduchef.com\/site\/wp-json\/wp\/v2\/posts\/1373","targetHints":{"allow":["GET"]}}],"collection":[{"href":"https:\/\/www.coulissesduchef.com\/site\/wp-json\/wp\/v2\/posts"}],"about":[{"href":"https:\/\/www.coulissesduchef.com\/site\/wp-json\/wp\/v2\/types\/post"}],"author":[{"embeddable":true,"href":"https:\/\/www.coulissesduchef.com\/site\/wp-json\/wp\/v2\/users\/2"}],"replies":[{"embeddable":true,"href":"https:\/\/www.coulissesduchef.com\/site\/wp-json\/wp\/v2\/comments?post=1373"}],"version-history":[{"count":0,"href":"https:\/\/www.coulissesduchef.com\/site\/wp-json\/wp\/v2\/posts\/1373\/revisions"}],"wp:attachment":[{"href":"https:\/\/www.coulissesduchef.com\/site\/wp-json\/wp\/v2\/media?parent=1373"}],"wp:term":[{"taxonomy":"category","embeddable":true,"href":"https:\/\/www.coulissesduchef.com\/site\/wp-json\/wp\/v2\/categories?post=1373"},{"taxonomy":"post_tag","embeddable":true,"href":"https:\/\/www.coulissesduchef.com\/site\/wp-json\/wp\/v2\/tags?post=1373"}],"curies":[{"name":"wp","href":"https:\/\/api.w.org\/{rel}","templated":true}]}}