{"id":1343,"date":"2015-01-08T13:34:15","date_gmt":"2015-01-08T12:34:15","guid":{"rendered":"http:\/\/www.coulissesduchef.com\/site\/?p=1343"},"modified":"2024-09-04T09:41:05","modified_gmt":"2024-09-04T08:41:05","slug":"recruter-un-candidat-avec-un-concept-inedit-grace-a-un-cours-de-cuisine","status":"publish","type":"post","link":"https:\/\/www.coulissesduchef.com\/site\/recruter-un-candidat-avec-un-concept-inedit-grace-a-un-cours-de-cuisine\/","title":{"rendered":"Recruter un candidat avec un concept inedit : grace a un cours de cuisine !"},"content":{"rendered":"<p><strong>Une nouvelle m\u00e9thode de recrutement pour choisir le meilleur candidat pour un poste.<\/strong><\/p>\n<p><strong>Un concept in\u00e9dit mi en oeuvre\u00a0par Olivier Bert\u00e9.<\/strong><\/p>\n<p style=\"text-align: justify;\">Masquez votre session de recrutement gr\u00e2ce \u00e0 une ambiance conviviale avec une activit\u00e9 \u00e9picurienne joignant l\u2019utile \u00e0 l\u2019agr\u00e9able\u00a0: <span style=\"text-decoration: underline; color: #00ffff;\"><strong>un Atelier de Cuisine.<\/strong><\/span><\/p>\n<p style=\"text-align: justify;\"><strong>Au programme<\/strong><strong>\u00a0:<\/strong><\/p>\n<ul style=\"text-align: justify;\">\n<li>Petit d\u00e9jeuner d\u2019accueil<\/li>\n<li>Ateliers de cuisine \u00ab\u00a0r\u00e9alisation d\u2019un menu complet\u00a0: entr\u00e9e, plat et dessert\u00a0\u00bb<\/li>\n<li>D\u00e9gustation tout ensemble assis autour de la table<\/li>\n<li>Debriefing avec le recruteur<\/li>\n<\/ul>\n<h3 style=\"text-align: justify;\"><strong><span style=\"text-decoration: underline;\">Pourquoi choisir cette idee innovante dans votre recrutement\u00a0?<\/span><\/strong><\/h3>\n<p style=\"text-align: justify;\">Dans un cadre inhabituel et d\u00e9contract\u00e9, n\u2019importe quel individu a tendance \u00e0 \u00eatre lui-m\u00eame et \u00e0 oublier le but de sa pr\u00e9sence.<\/p>\n<p style=\"text-align: justify;\">Cette m\u00e9thode permet de <strong>r\u00e9v\u00e9ler au maximum les qualit\u00e9s et d\u00e9fauts comportementaux des candidats, afin d&rsquo;\u00e9viter des erreurs de casting qui co\u00fbtent ch\u00e8res aux entreprises.<\/strong><\/p>\n<p style=\"text-align: justify;\">Vite \u00e9pris par l\u2019activit\u00e9 sous les ordres du Chef, chacun va prendre sa place.<\/p>\n<p style=\"text-align: justify;\">Les candidats sont <strong>mis en situation r\u00e9elle<\/strong> de fa\u00e7on collective et font \u00ab\u00a0<strong>tomber le masque<\/strong>\u00a0\u00bb. Des caract\u00e8res se r\u00e9v\u00e8lent tout au long du cours de cuisine et de la r\u00e9alisation du menu.<\/p>\n<p style=\"text-align: justify;\">Le Chef rep\u00e8re vite les <strong>personnalit\u00e9s <\/strong>des uns et des autres\u00a0: <strong>la cr\u00e9ativit\u00e9, l\u2019acceptation de la hi\u00e9rarchie, le respect, la prise d\u2019initiative, l\u2019ambition etc&#8230;<\/strong><\/p>\n<p style=\"text-align: justify;\">Vos candidats sont encadr\u00e9s durant 4h avec un Chef cuisinier et son assistant.<\/p>\n<p style=\"text-align: justify;\">Le Chef travaille en amont sur la fiche du poste et le CV des candidats. Des \u00e9changes au pr\u00e9alable sont n\u00e9cessaires avec le recruteur.<\/p>\n<p>Apr\u00e8s l\u2019Atelier de cuisine, Le Chef fait un d\u00e9briefing des candidats aupr\u00e8s du recruteur.<\/p>\n<p style=\"text-align: right;\">\u00ab\u00a0Les Coulisses du Chef\u00a0\u00bb.<\/p>\n","protected":false},"excerpt":{"rendered":"<p>Une nouvelle m\u00e9thode de recrutement pour choisir le meilleur candidat pour un poste. Un concept in\u00e9dit mi en oeuvre\u00a0par Olivier Bert\u00e9. Masquez votre session de recrutement gr\u00e2ce \u00e0 une ambiance conviviale avec une activit\u00e9 \u00e9picurienne joignant l\u2019utile \u00e0 l\u2019agr\u00e9able\u00a0: un Atelier de Cuisine. Au programme\u00a0: Petit d\u00e9jeuner d\u2019accueil Ateliers de cuisine \u00ab\u00a0r\u00e9alisation d\u2019un menu complet\u00a0: [&hellip;]<\/p>\n","protected":false},"author":2,"featured_media":0,"comment_status":"closed","ping_status":"closed","sticky":false,"template":"","format":"standard","meta":{"_et_pb_use_builder":"","_et_pb_old_content":"","_et_gb_content_width":"","footnotes":""},"categories":[6],"tags":[],"class_list":["post-1343","post","type-post","status-publish","format-standard","hentry","category-blog"],"yoast_head":"<!-- This site is optimized with the Yoast SEO plugin v27.5 - https:\/\/yoast.com\/product\/yoast-seo-wordpress\/ -->\n<title>Recruter un candidat avec un concept inedit : grace a un cours de cuisine ! - Cours de cuisine \u00e0 Paris<\/title>\n<meta name=\"robots\" content=\"index, follow, max-snippet:-1, max-image-preview:large, max-video-preview:-1\" \/>\n<link rel=\"canonical\" href=\"https:\/\/www.coulissesduchef.com\/site\/recruter-un-candidat-avec-un-concept-inedit-grace-a-un-cours-de-cuisine\/\" \/>\n<meta property=\"og:locale\" content=\"fr_FR\" \/>\n<meta property=\"og:type\" content=\"article\" \/>\n<meta property=\"og:title\" content=\"Recruter un candidat avec un concept inedit : grace a un cours de cuisine ! - Cours de cuisine \u00e0 Paris\" \/>\n<meta property=\"og:description\" content=\"Une nouvelle m\u00e9thode de recrutement pour choisir le meilleur candidat pour un poste. Un concept in\u00e9dit mi en oeuvre\u00a0par Olivier Bert\u00e9. Masquez votre session de recrutement gr\u00e2ce \u00e0 une ambiance conviviale avec une activit\u00e9 \u00e9picurienne joignant l\u2019utile \u00e0 l\u2019agr\u00e9able\u00a0: un Atelier de Cuisine. Au programme\u00a0: Petit d\u00e9jeuner d\u2019accueil Ateliers de cuisine \u00ab\u00a0r\u00e9alisation d\u2019un menu complet\u00a0: [&hellip;]\" \/>\n<meta property=\"og:url\" content=\"https:\/\/www.coulissesduchef.com\/site\/recruter-un-candidat-avec-un-concept-inedit-grace-a-un-cours-de-cuisine\/\" \/>\n<meta property=\"og:site_name\" content=\"Cours de cuisine \u00e0 Paris\" \/>\n<meta property=\"article:published_time\" content=\"2015-01-08T12:34:15+00:00\" \/>\n<meta property=\"article:modified_time\" content=\"2024-09-04T08:41:05+00:00\" \/>\n<meta name=\"author\" content=\"Olivier\" \/>\n<meta name=\"twitter:card\" content=\"summary_large_image\" \/>\n<meta name=\"twitter:label1\" content=\"\u00c9crit par\" \/>\n\t<meta name=\"twitter:data1\" content=\"Olivier\" \/>\n\t<meta name=\"twitter:label2\" content=\"Dur\u00e9e de lecture estim\u00e9e\" \/>\n\t<meta name=\"twitter:data2\" content=\"2 minutes\" \/>\n<script type=\"application\/ld+json\" class=\"yoast-schema-graph\">{\"@context\":\"https:\\\/\\\/schema.org\",\"@graph\":[{\"@type\":\"Article\",\"@id\":\"https:\\\/\\\/www.coulissesduchef.com\\\/site\\\/recruter-un-candidat-avec-un-concept-inedit-grace-a-un-cours-de-cuisine\\\/#article\",\"isPartOf\":{\"@id\":\"https:\\\/\\\/www.coulissesduchef.com\\\/site\\\/recruter-un-candidat-avec-un-concept-inedit-grace-a-un-cours-de-cuisine\\\/\"},\"author\":{\"name\":\"Olivier\",\"@id\":\"https:\\\/\\\/www.coulissesduchef.com\\\/site\\\/#\\\/schema\\\/person\\\/63b46e062c5eee31b00b2dc2b2ee6ed0\"},\"headline\":\"Recruter un candidat avec un concept inedit : grace a un cours de cuisine !\",\"datePublished\":\"2015-01-08T12:34:15+00:00\",\"dateModified\":\"2024-09-04T08:41:05+00:00\",\"mainEntityOfPage\":{\"@id\":\"https:\\\/\\\/www.coulissesduchef.com\\\/site\\\/recruter-un-candidat-avec-un-concept-inedit-grace-a-un-cours-de-cuisine\\\/\"},\"wordCount\":306,\"articleSection\":[\"blog\"],\"inLanguage\":\"fr-FR\"},{\"@type\":\"WebPage\",\"@id\":\"https:\\\/\\\/www.coulissesduchef.com\\\/site\\\/recruter-un-candidat-avec-un-concept-inedit-grace-a-un-cours-de-cuisine\\\/\",\"url\":\"https:\\\/\\\/www.coulissesduchef.com\\\/site\\\/recruter-un-candidat-avec-un-concept-inedit-grace-a-un-cours-de-cuisine\\\/\",\"name\":\"Recruter un candidat avec un concept inedit : grace a un cours de cuisine ! - Cours de cuisine \u00e0 Paris\",\"isPartOf\":{\"@id\":\"https:\\\/\\\/www.coulissesduchef.com\\\/site\\\/#website\"},\"datePublished\":\"2015-01-08T12:34:15+00:00\",\"dateModified\":\"2024-09-04T08:41:05+00:00\",\"author\":{\"@id\":\"https:\\\/\\\/www.coulissesduchef.com\\\/site\\\/#\\\/schema\\\/person\\\/63b46e062c5eee31b00b2dc2b2ee6ed0\"},\"breadcrumb\":{\"@id\":\"https:\\\/\\\/www.coulissesduchef.com\\\/site\\\/recruter-un-candidat-avec-un-concept-inedit-grace-a-un-cours-de-cuisine\\\/#breadcrumb\"},\"inLanguage\":\"fr-FR\",\"potentialAction\":[{\"@type\":\"ReadAction\",\"target\":[\"https:\\\/\\\/www.coulissesduchef.com\\\/site\\\/recruter-un-candidat-avec-un-concept-inedit-grace-a-un-cours-de-cuisine\\\/\"]}]},{\"@type\":\"BreadcrumbList\",\"@id\":\"https:\\\/\\\/www.coulissesduchef.com\\\/site\\\/recruter-un-candidat-avec-un-concept-inedit-grace-a-un-cours-de-cuisine\\\/#breadcrumb\",\"itemListElement\":[{\"@type\":\"ListItem\",\"position\":1,\"name\":\"Accueil\",\"item\":\"https:\\\/\\\/www.coulissesduchef.com\\\/site\\\/\"},{\"@type\":\"ListItem\",\"position\":2,\"name\":\"Recruter un candidat avec un concept inedit : grace a un cours de cuisine !\"}]},{\"@type\":\"WebSite\",\"@id\":\"https:\\\/\\\/www.coulissesduchef.com\\\/site\\\/#website\",\"url\":\"https:\\\/\\\/www.coulissesduchef.com\\\/site\\\/\",\"name\":\"Cours de cuisine \u00e0 Paris\",\"description\":\"Atelier &amp; Cours de cuisine d&#039;Olivier Bert\u00e9 Paris\",\"potentialAction\":[{\"@type\":\"SearchAction\",\"target\":{\"@type\":\"EntryPoint\",\"urlTemplate\":\"https:\\\/\\\/www.coulissesduchef.com\\\/site\\\/?s={search_term_string}\"},\"query-input\":{\"@type\":\"PropertyValueSpecification\",\"valueRequired\":true,\"valueName\":\"search_term_string\"}}],\"inLanguage\":\"fr-FR\"},{\"@type\":\"Person\",\"@id\":\"https:\\\/\\\/www.coulissesduchef.com\\\/site\\\/#\\\/schema\\\/person\\\/63b46e062c5eee31b00b2dc2b2ee6ed0\",\"name\":\"Olivier\",\"image\":{\"@type\":\"ImageObject\",\"inLanguage\":\"fr-FR\",\"@id\":\"https:\\\/\\\/secure.gravatar.com\\\/avatar\\\/dc4457e6a665885e9390bcb5066995c540255668e764c5d714d2cc50c2767b8a?s=96&d=mm&r=g\",\"url\":\"https:\\\/\\\/secure.gravatar.com\\\/avatar\\\/dc4457e6a665885e9390bcb5066995c540255668e764c5d714d2cc50c2767b8a?s=96&d=mm&r=g\",\"contentUrl\":\"https:\\\/\\\/secure.gravatar.com\\\/avatar\\\/dc4457e6a665885e9390bcb5066995c540255668e764c5d714d2cc50c2767b8a?s=96&d=mm&r=g\",\"caption\":\"Olivier\"},\"url\":\"https:\\\/\\\/www.coulissesduchef.com\\\/site\\\/author\\\/aid91\\\/\"}]}<\/script>\n<!-- \/ Yoast SEO plugin. -->","yoast_head_json":{"title":"Recruter un candidat avec un concept inedit : grace a un cours de cuisine ! - Cours de cuisine \u00e0 Paris","robots":{"index":"index","follow":"follow","max-snippet":"max-snippet:-1","max-image-preview":"max-image-preview:large","max-video-preview":"max-video-preview:-1"},"canonical":"https:\/\/www.coulissesduchef.com\/site\/recruter-un-candidat-avec-un-concept-inedit-grace-a-un-cours-de-cuisine\/","og_locale":"fr_FR","og_type":"article","og_title":"Recruter un candidat avec un concept inedit : grace a un cours de cuisine ! - Cours de cuisine \u00e0 Paris","og_description":"Une nouvelle m\u00e9thode de recrutement pour choisir le meilleur candidat pour un poste. Un concept in\u00e9dit mi en oeuvre\u00a0par Olivier Bert\u00e9. Masquez votre session de recrutement gr\u00e2ce \u00e0 une ambiance conviviale avec une activit\u00e9 \u00e9picurienne joignant l\u2019utile \u00e0 l\u2019agr\u00e9able\u00a0: un Atelier de Cuisine. Au programme\u00a0: Petit d\u00e9jeuner d\u2019accueil Ateliers de cuisine \u00ab\u00a0r\u00e9alisation d\u2019un menu complet\u00a0: [&hellip;]","og_url":"https:\/\/www.coulissesduchef.com\/site\/recruter-un-candidat-avec-un-concept-inedit-grace-a-un-cours-de-cuisine\/","og_site_name":"Cours de cuisine \u00e0 Paris","article_published_time":"2015-01-08T12:34:15+00:00","article_modified_time":"2024-09-04T08:41:05+00:00","author":"Olivier","twitter_card":"summary_large_image","twitter_misc":{"\u00c9crit par":"Olivier","Dur\u00e9e de lecture estim\u00e9e":"2 minutes"},"schema":{"@context":"https:\/\/schema.org","@graph":[{"@type":"Article","@id":"https:\/\/www.coulissesduchef.com\/site\/recruter-un-candidat-avec-un-concept-inedit-grace-a-un-cours-de-cuisine\/#article","isPartOf":{"@id":"https:\/\/www.coulissesduchef.com\/site\/recruter-un-candidat-avec-un-concept-inedit-grace-a-un-cours-de-cuisine\/"},"author":{"name":"Olivier","@id":"https:\/\/www.coulissesduchef.com\/site\/#\/schema\/person\/63b46e062c5eee31b00b2dc2b2ee6ed0"},"headline":"Recruter un candidat avec un concept inedit : grace a un cours de cuisine !","datePublished":"2015-01-08T12:34:15+00:00","dateModified":"2024-09-04T08:41:05+00:00","mainEntityOfPage":{"@id":"https:\/\/www.coulissesduchef.com\/site\/recruter-un-candidat-avec-un-concept-inedit-grace-a-un-cours-de-cuisine\/"},"wordCount":306,"articleSection":["blog"],"inLanguage":"fr-FR"},{"@type":"WebPage","@id":"https:\/\/www.coulissesduchef.com\/site\/recruter-un-candidat-avec-un-concept-inedit-grace-a-un-cours-de-cuisine\/","url":"https:\/\/www.coulissesduchef.com\/site\/recruter-un-candidat-avec-un-concept-inedit-grace-a-un-cours-de-cuisine\/","name":"Recruter un candidat avec un concept inedit : grace a un cours de cuisine ! - Cours de cuisine \u00e0 Paris","isPartOf":{"@id":"https:\/\/www.coulissesduchef.com\/site\/#website"},"datePublished":"2015-01-08T12:34:15+00:00","dateModified":"2024-09-04T08:41:05+00:00","author":{"@id":"https:\/\/www.coulissesduchef.com\/site\/#\/schema\/person\/63b46e062c5eee31b00b2dc2b2ee6ed0"},"breadcrumb":{"@id":"https:\/\/www.coulissesduchef.com\/site\/recruter-un-candidat-avec-un-concept-inedit-grace-a-un-cours-de-cuisine\/#breadcrumb"},"inLanguage":"fr-FR","potentialAction":[{"@type":"ReadAction","target":["https:\/\/www.coulissesduchef.com\/site\/recruter-un-candidat-avec-un-concept-inedit-grace-a-un-cours-de-cuisine\/"]}]},{"@type":"BreadcrumbList","@id":"https:\/\/www.coulissesduchef.com\/site\/recruter-un-candidat-avec-un-concept-inedit-grace-a-un-cours-de-cuisine\/#breadcrumb","itemListElement":[{"@type":"ListItem","position":1,"name":"Accueil","item":"https:\/\/www.coulissesduchef.com\/site\/"},{"@type":"ListItem","position":2,"name":"Recruter un candidat avec un concept inedit : grace a un cours de cuisine !"}]},{"@type":"WebSite","@id":"https:\/\/www.coulissesduchef.com\/site\/#website","url":"https:\/\/www.coulissesduchef.com\/site\/","name":"Cours de cuisine \u00e0 Paris","description":"Atelier &amp; Cours de cuisine d&#039;Olivier Bert\u00e9 Paris","potentialAction":[{"@type":"SearchAction","target":{"@type":"EntryPoint","urlTemplate":"https:\/\/www.coulissesduchef.com\/site\/?s={search_term_string}"},"query-input":{"@type":"PropertyValueSpecification","valueRequired":true,"valueName":"search_term_string"}}],"inLanguage":"fr-FR"},{"@type":"Person","@id":"https:\/\/www.coulissesduchef.com\/site\/#\/schema\/person\/63b46e062c5eee31b00b2dc2b2ee6ed0","name":"Olivier","image":{"@type":"ImageObject","inLanguage":"fr-FR","@id":"https:\/\/secure.gravatar.com\/avatar\/dc4457e6a665885e9390bcb5066995c540255668e764c5d714d2cc50c2767b8a?s=96&d=mm&r=g","url":"https:\/\/secure.gravatar.com\/avatar\/dc4457e6a665885e9390bcb5066995c540255668e764c5d714d2cc50c2767b8a?s=96&d=mm&r=g","contentUrl":"https:\/\/secure.gravatar.com\/avatar\/dc4457e6a665885e9390bcb5066995c540255668e764c5d714d2cc50c2767b8a?s=96&d=mm&r=g","caption":"Olivier"},"url":"https:\/\/www.coulissesduchef.com\/site\/author\/aid91\/"}]}},"_links":{"self":[{"href":"https:\/\/www.coulissesduchef.com\/site\/wp-json\/wp\/v2\/posts\/1343","targetHints":{"allow":["GET"]}}],"collection":[{"href":"https:\/\/www.coulissesduchef.com\/site\/wp-json\/wp\/v2\/posts"}],"about":[{"href":"https:\/\/www.coulissesduchef.com\/site\/wp-json\/wp\/v2\/types\/post"}],"author":[{"embeddable":true,"href":"https:\/\/www.coulissesduchef.com\/site\/wp-json\/wp\/v2\/users\/2"}],"replies":[{"embeddable":true,"href":"https:\/\/www.coulissesduchef.com\/site\/wp-json\/wp\/v2\/comments?post=1343"}],"version-history":[{"count":0,"href":"https:\/\/www.coulissesduchef.com\/site\/wp-json\/wp\/v2\/posts\/1343\/revisions"}],"wp:attachment":[{"href":"https:\/\/www.coulissesduchef.com\/site\/wp-json\/wp\/v2\/media?parent=1343"}],"wp:term":[{"taxonomy":"category","embeddable":true,"href":"https:\/\/www.coulissesduchef.com\/site\/wp-json\/wp\/v2\/categories?post=1343"},{"taxonomy":"post_tag","embeddable":true,"href":"https:\/\/www.coulissesduchef.com\/site\/wp-json\/wp\/v2\/tags?post=1343"}],"curies":[{"name":"wp","href":"https:\/\/api.w.org\/{rel}","templated":true}]}}