{"id":1125,"date":"2014-09-16T13:08:14","date_gmt":"2014-09-16T12:08:14","guid":{"rendered":"http:\/\/www.coulissesduchef.com\/site\/?p=1125"},"modified":"2024-08-21T08:21:36","modified_gmt":"2024-08-21T07:21:36","slug":"maisonobjet-paris-septembre-2014","status":"publish","type":"post","link":"https:\/\/www.coulissesduchef.com\/site\/maisonobjet-paris-septembre-2014\/","title":{"rendered":"MAISON&#038;OBJET PARIS SEPTEMBRE 2014"},"content":{"rendered":"<h2>05 -09 septembre 2014<\/h2>\n<p style=\"text-align: justify;\">Une ann\u00e9e de plus Olivier Bert\u00e9 \u00e9tait pr\u00e9sent pour une prestation dans le carr\u00e9\u00a0BUSINESSLOUNGE\u00a0du salon Maison&amp;Objet Paris qui se tenait \u00e0 Villepinte.\u00a0Le BUSINESSLOUNGE est un lieu d\u2019accueil,\u00a0de d\u00e9tente, de travail et de rencontre parmi les professionnels tels que les journalistes, les designers etc\u2026<\/p>\n<p style=\"text-align: justify;\">Vendredi et dimanche, lors de la d\u00e9monstration culinaire,\u00a0 Olivier Bert\u00e9 nous a fait d\u00e9couvrir des labels\u00a0et une explosion en bouche de saveurs\u00a0 avec des mets sal\u00e9s et \u00e9galement des mets sucr\u00e9s.<\/p>\n<p style=\"text-align: justify;\">Une r\u00e9alisation de dimanche\u00a0: tranche de magret de canard marin\u00e9e au tandoori farcie \u00e0 la pomme vanille\u00a0et au cognac flamb\u00e9 au calvados et un jus de vin rouge.<\/p>\n<p style=\"text-align: justify;\">Maison&amp;Objet se d\u00e9veloppe en Asie et aux Etats-Unis. Retrouver leurs dates sur le site officiel.<\/p>\n<p><a href=\"https:\/\/www.coulissesduchef.com\/site\/wp-content\/uploads\/2014\/09\/20140905_114604-281x500.jpg\"><img loading=\"lazy\" decoding=\"async\" class=\"size-full wp-image-1127 alignright\" src=\"https:\/\/www.coulissesduchef.com\/site\/wp-content\/uploads\/2014\/09\/20140905_114604-281x500.jpg\" alt=\"Olivier Bert\u00e9 Maison&amp;Objet\" width=\"281\" height=\"500\" srcset=\"https:\/\/www.coulissesduchef.com\/site\/wp-content\/uploads\/2014\/09\/20140905_114604-281x500.jpg 281w, https:\/\/www.coulissesduchef.com\/site\/wp-content\/uploads\/2014\/09\/20140905_114604-281x500-168x300.jpg 168w\" sizes=\"(max-width: 281px) 100vw, 281px\" \/><\/a><\/p>\n","protected":false},"excerpt":{"rendered":"<p>05 -09 septembre 2014 Une ann\u00e9e de plus Olivier Bert\u00e9 \u00e9tait pr\u00e9sent pour une prestation dans le carr\u00e9\u00a0BUSINESSLOUNGE\u00a0du salon Maison&amp;Objet Paris qui se tenait \u00e0 Villepinte.\u00a0Le BUSINESSLOUNGE est un lieu d\u2019accueil,\u00a0de d\u00e9tente, de travail et de rencontre parmi les professionnels tels que les journalistes, les designers etc\u2026 Vendredi et dimanche, lors de la d\u00e9monstration culinaire,\u00a0 [&hellip;]<\/p>\n","protected":false},"author":2,"featured_media":0,"comment_status":"closed","ping_status":"closed","sticky":false,"template":"","format":"standard","meta":{"_et_pb_use_builder":"","_et_pb_old_content":"","_et_gb_content_width":"","footnotes":""},"categories":[6],"tags":[],"class_list":["post-1125","post","type-post","status-publish","format-standard","hentry","category-blog"],"yoast_head":"<!-- This site is optimized with the Yoast SEO plugin v27.5 - https:\/\/yoast.com\/product\/yoast-seo-wordpress\/ -->\n<title>MAISON&amp;OBJET PARIS SEPTEMBRE 2014 - Cours de cuisine \u00e0 Paris<\/title>\n<meta name=\"robots\" content=\"index, follow, max-snippet:-1, max-image-preview:large, max-video-preview:-1\" \/>\n<link rel=\"canonical\" href=\"https:\/\/www.coulissesduchef.com\/site\/maisonobjet-paris-septembre-2014\/\" \/>\n<meta property=\"og:locale\" content=\"fr_FR\" \/>\n<meta property=\"og:type\" content=\"article\" \/>\n<meta property=\"og:title\" content=\"MAISON&amp;OBJET PARIS SEPTEMBRE 2014 - Cours de cuisine \u00e0 Paris\" \/>\n<meta property=\"og:description\" content=\"05 -09 septembre 2014 Une ann\u00e9e de plus Olivier Bert\u00e9 \u00e9tait pr\u00e9sent pour une prestation dans le carr\u00e9\u00a0BUSINESSLOUNGE\u00a0du salon Maison&amp;Objet Paris qui se tenait \u00e0 Villepinte.\u00a0Le BUSINESSLOUNGE est un lieu d\u2019accueil,\u00a0de d\u00e9tente, de travail et de rencontre parmi les professionnels tels que les journalistes, les designers etc\u2026 Vendredi et dimanche, lors de la d\u00e9monstration culinaire,\u00a0 [&hellip;]\" \/>\n<meta property=\"og:url\" content=\"https:\/\/www.coulissesduchef.com\/site\/maisonobjet-paris-septembre-2014\/\" \/>\n<meta property=\"og:site_name\" content=\"Cours de cuisine \u00e0 Paris\" \/>\n<meta property=\"article:published_time\" content=\"2014-09-16T12:08:14+00:00\" \/>\n<meta property=\"article:modified_time\" content=\"2024-08-21T07:21:36+00:00\" \/>\n<meta property=\"og:image\" content=\"http:\/\/www.coulissesduchef.com\/site\/wp-content\/uploads\/2014\/09\/20140905_114604-281x500.jpg\" \/>\n<meta name=\"author\" content=\"Olivier\" \/>\n<meta name=\"twitter:card\" content=\"summary_large_image\" \/>\n<meta name=\"twitter:label1\" content=\"\u00c9crit par\" \/>\n\t<meta name=\"twitter:data1\" content=\"Olivier\" \/>\n\t<meta name=\"twitter:label2\" content=\"Dur\u00e9e de lecture estim\u00e9e\" \/>\n\t<meta name=\"twitter:data2\" content=\"1 minute\" \/>\n<script type=\"application\/ld+json\" class=\"yoast-schema-graph\">{\"@context\":\"https:\\\/\\\/schema.org\",\"@graph\":[{\"@type\":\"Article\",\"@id\":\"https:\\\/\\\/www.coulissesduchef.com\\\/site\\\/maisonobjet-paris-septembre-2014\\\/#article\",\"isPartOf\":{\"@id\":\"https:\\\/\\\/www.coulissesduchef.com\\\/site\\\/maisonobjet-paris-septembre-2014\\\/\"},\"author\":{\"name\":\"Olivier\",\"@id\":\"https:\\\/\\\/www.coulissesduchef.com\\\/site\\\/#\\\/schema\\\/person\\\/63b46e062c5eee31b00b2dc2b2ee6ed0\"},\"headline\":\"MAISON&#038;OBJET PARIS SEPTEMBRE 2014\",\"datePublished\":\"2014-09-16T12:08:14+00:00\",\"dateModified\":\"2024-08-21T07:21:36+00:00\",\"mainEntityOfPage\":{\"@id\":\"https:\\\/\\\/www.coulissesduchef.com\\\/site\\\/maisonobjet-paris-septembre-2014\\\/\"},\"wordCount\":142,\"image\":{\"@id\":\"https:\\\/\\\/www.coulissesduchef.com\\\/site\\\/maisonobjet-paris-septembre-2014\\\/#primaryimage\"},\"thumbnailUrl\":\"http:\\\/\\\/www.coulissesduchef.com\\\/site\\\/wp-content\\\/uploads\\\/2014\\\/09\\\/20140905_114604-281x500.jpg\",\"articleSection\":[\"blog\"],\"inLanguage\":\"fr-FR\"},{\"@type\":\"WebPage\",\"@id\":\"https:\\\/\\\/www.coulissesduchef.com\\\/site\\\/maisonobjet-paris-septembre-2014\\\/\",\"url\":\"https:\\\/\\\/www.coulissesduchef.com\\\/site\\\/maisonobjet-paris-septembre-2014\\\/\",\"name\":\"MAISON&OBJET PARIS SEPTEMBRE 2014 - Cours de cuisine \u00e0 Paris\",\"isPartOf\":{\"@id\":\"https:\\\/\\\/www.coulissesduchef.com\\\/site\\\/#website\"},\"primaryImageOfPage\":{\"@id\":\"https:\\\/\\\/www.coulissesduchef.com\\\/site\\\/maisonobjet-paris-septembre-2014\\\/#primaryimage\"},\"image\":{\"@id\":\"https:\\\/\\\/www.coulissesduchef.com\\\/site\\\/maisonobjet-paris-septembre-2014\\\/#primaryimage\"},\"thumbnailUrl\":\"http:\\\/\\\/www.coulissesduchef.com\\\/site\\\/wp-content\\\/uploads\\\/2014\\\/09\\\/20140905_114604-281x500.jpg\",\"datePublished\":\"2014-09-16T12:08:14+00:00\",\"dateModified\":\"2024-08-21T07:21:36+00:00\",\"author\":{\"@id\":\"https:\\\/\\\/www.coulissesduchef.com\\\/site\\\/#\\\/schema\\\/person\\\/63b46e062c5eee31b00b2dc2b2ee6ed0\"},\"breadcrumb\":{\"@id\":\"https:\\\/\\\/www.coulissesduchef.com\\\/site\\\/maisonobjet-paris-septembre-2014\\\/#breadcrumb\"},\"inLanguage\":\"fr-FR\",\"potentialAction\":[{\"@type\":\"ReadAction\",\"target\":[\"https:\\\/\\\/www.coulissesduchef.com\\\/site\\\/maisonobjet-paris-septembre-2014\\\/\"]}]},{\"@type\":\"ImageObject\",\"inLanguage\":\"fr-FR\",\"@id\":\"https:\\\/\\\/www.coulissesduchef.com\\\/site\\\/maisonobjet-paris-septembre-2014\\\/#primaryimage\",\"url\":\"http:\\\/\\\/www.coulissesduchef.com\\\/site\\\/wp-content\\\/uploads\\\/2014\\\/09\\\/20140905_114604-281x500.jpg\",\"contentUrl\":\"http:\\\/\\\/www.coulissesduchef.com\\\/site\\\/wp-content\\\/uploads\\\/2014\\\/09\\\/20140905_114604-281x500.jpg\"},{\"@type\":\"BreadcrumbList\",\"@id\":\"https:\\\/\\\/www.coulissesduchef.com\\\/site\\\/maisonobjet-paris-septembre-2014\\\/#breadcrumb\",\"itemListElement\":[{\"@type\":\"ListItem\",\"position\":1,\"name\":\"Accueil\",\"item\":\"https:\\\/\\\/www.coulissesduchef.com\\\/site\\\/\"},{\"@type\":\"ListItem\",\"position\":2,\"name\":\"MAISON&#038;OBJET PARIS SEPTEMBRE 2014\"}]},{\"@type\":\"WebSite\",\"@id\":\"https:\\\/\\\/www.coulissesduchef.com\\\/site\\\/#website\",\"url\":\"https:\\\/\\\/www.coulissesduchef.com\\\/site\\\/\",\"name\":\"Cours de cuisine \u00e0 Paris\",\"description\":\"Atelier &amp; Cours de cuisine d&#039;Olivier Bert\u00e9 Paris\",\"potentialAction\":[{\"@type\":\"SearchAction\",\"target\":{\"@type\":\"EntryPoint\",\"urlTemplate\":\"https:\\\/\\\/www.coulissesduchef.com\\\/site\\\/?s={search_term_string}\"},\"query-input\":{\"@type\":\"PropertyValueSpecification\",\"valueRequired\":true,\"valueName\":\"search_term_string\"}}],\"inLanguage\":\"fr-FR\"},{\"@type\":\"Person\",\"@id\":\"https:\\\/\\\/www.coulissesduchef.com\\\/site\\\/#\\\/schema\\\/person\\\/63b46e062c5eee31b00b2dc2b2ee6ed0\",\"name\":\"Olivier\",\"image\":{\"@type\":\"ImageObject\",\"inLanguage\":\"fr-FR\",\"@id\":\"https:\\\/\\\/secure.gravatar.com\\\/avatar\\\/dc4457e6a665885e9390bcb5066995c540255668e764c5d714d2cc50c2767b8a?s=96&d=mm&r=g\",\"url\":\"https:\\\/\\\/secure.gravatar.com\\\/avatar\\\/dc4457e6a665885e9390bcb5066995c540255668e764c5d714d2cc50c2767b8a?s=96&d=mm&r=g\",\"contentUrl\":\"https:\\\/\\\/secure.gravatar.com\\\/avatar\\\/dc4457e6a665885e9390bcb5066995c540255668e764c5d714d2cc50c2767b8a?s=96&d=mm&r=g\",\"caption\":\"Olivier\"},\"url\":\"https:\\\/\\\/www.coulissesduchef.com\\\/site\\\/author\\\/aid91\\\/\"}]}<\/script>\n<!-- \/ Yoast SEO plugin. -->","yoast_head_json":{"title":"MAISON&OBJET PARIS SEPTEMBRE 2014 - Cours de cuisine \u00e0 Paris","robots":{"index":"index","follow":"follow","max-snippet":"max-snippet:-1","max-image-preview":"max-image-preview:large","max-video-preview":"max-video-preview:-1"},"canonical":"https:\/\/www.coulissesduchef.com\/site\/maisonobjet-paris-septembre-2014\/","og_locale":"fr_FR","og_type":"article","og_title":"MAISON&OBJET PARIS SEPTEMBRE 2014 - Cours de cuisine \u00e0 Paris","og_description":"05 -09 septembre 2014 Une ann\u00e9e de plus Olivier Bert\u00e9 \u00e9tait pr\u00e9sent pour une prestation dans le carr\u00e9\u00a0BUSINESSLOUNGE\u00a0du salon Maison&amp;Objet Paris qui se tenait \u00e0 Villepinte.\u00a0Le BUSINESSLOUNGE est un lieu d\u2019accueil,\u00a0de d\u00e9tente, de travail et de rencontre parmi les professionnels tels que les journalistes, les designers etc\u2026 Vendredi et dimanche, lors de la d\u00e9monstration culinaire,\u00a0 [&hellip;]","og_url":"https:\/\/www.coulissesduchef.com\/site\/maisonobjet-paris-septembre-2014\/","og_site_name":"Cours de cuisine \u00e0 Paris","article_published_time":"2014-09-16T12:08:14+00:00","article_modified_time":"2024-08-21T07:21:36+00:00","og_image":[{"url":"http:\/\/www.coulissesduchef.com\/site\/wp-content\/uploads\/2014\/09\/20140905_114604-281x500.jpg","type":"","width":"","height":""}],"author":"Olivier","twitter_card":"summary_large_image","twitter_misc":{"\u00c9crit par":"Olivier","Dur\u00e9e de lecture estim\u00e9e":"1 minute"},"schema":{"@context":"https:\/\/schema.org","@graph":[{"@type":"Article","@id":"https:\/\/www.coulissesduchef.com\/site\/maisonobjet-paris-septembre-2014\/#article","isPartOf":{"@id":"https:\/\/www.coulissesduchef.com\/site\/maisonobjet-paris-septembre-2014\/"},"author":{"name":"Olivier","@id":"https:\/\/www.coulissesduchef.com\/site\/#\/schema\/person\/63b46e062c5eee31b00b2dc2b2ee6ed0"},"headline":"MAISON&#038;OBJET PARIS SEPTEMBRE 2014","datePublished":"2014-09-16T12:08:14+00:00","dateModified":"2024-08-21T07:21:36+00:00","mainEntityOfPage":{"@id":"https:\/\/www.coulissesduchef.com\/site\/maisonobjet-paris-septembre-2014\/"},"wordCount":142,"image":{"@id":"https:\/\/www.coulissesduchef.com\/site\/maisonobjet-paris-septembre-2014\/#primaryimage"},"thumbnailUrl":"http:\/\/www.coulissesduchef.com\/site\/wp-content\/uploads\/2014\/09\/20140905_114604-281x500.jpg","articleSection":["blog"],"inLanguage":"fr-FR"},{"@type":"WebPage","@id":"https:\/\/www.coulissesduchef.com\/site\/maisonobjet-paris-septembre-2014\/","url":"https:\/\/www.coulissesduchef.com\/site\/maisonobjet-paris-septembre-2014\/","name":"MAISON&OBJET PARIS SEPTEMBRE 2014 - Cours de cuisine \u00e0 Paris","isPartOf":{"@id":"https:\/\/www.coulissesduchef.com\/site\/#website"},"primaryImageOfPage":{"@id":"https:\/\/www.coulissesduchef.com\/site\/maisonobjet-paris-septembre-2014\/#primaryimage"},"image":{"@id":"https:\/\/www.coulissesduchef.com\/site\/maisonobjet-paris-septembre-2014\/#primaryimage"},"thumbnailUrl":"http:\/\/www.coulissesduchef.com\/site\/wp-content\/uploads\/2014\/09\/20140905_114604-281x500.jpg","datePublished":"2014-09-16T12:08:14+00:00","dateModified":"2024-08-21T07:21:36+00:00","author":{"@id":"https:\/\/www.coulissesduchef.com\/site\/#\/schema\/person\/63b46e062c5eee31b00b2dc2b2ee6ed0"},"breadcrumb":{"@id":"https:\/\/www.coulissesduchef.com\/site\/maisonobjet-paris-septembre-2014\/#breadcrumb"},"inLanguage":"fr-FR","potentialAction":[{"@type":"ReadAction","target":["https:\/\/www.coulissesduchef.com\/site\/maisonobjet-paris-septembre-2014\/"]}]},{"@type":"ImageObject","inLanguage":"fr-FR","@id":"https:\/\/www.coulissesduchef.com\/site\/maisonobjet-paris-septembre-2014\/#primaryimage","url":"http:\/\/www.coulissesduchef.com\/site\/wp-content\/uploads\/2014\/09\/20140905_114604-281x500.jpg","contentUrl":"http:\/\/www.coulissesduchef.com\/site\/wp-content\/uploads\/2014\/09\/20140905_114604-281x500.jpg"},{"@type":"BreadcrumbList","@id":"https:\/\/www.coulissesduchef.com\/site\/maisonobjet-paris-septembre-2014\/#breadcrumb","itemListElement":[{"@type":"ListItem","position":1,"name":"Accueil","item":"https:\/\/www.coulissesduchef.com\/site\/"},{"@type":"ListItem","position":2,"name":"MAISON&#038;OBJET PARIS SEPTEMBRE 2014"}]},{"@type":"WebSite","@id":"https:\/\/www.coulissesduchef.com\/site\/#website","url":"https:\/\/www.coulissesduchef.com\/site\/","name":"Cours de cuisine \u00e0 Paris","description":"Atelier &amp; Cours de cuisine d&#039;Olivier Bert\u00e9 Paris","potentialAction":[{"@type":"SearchAction","target":{"@type":"EntryPoint","urlTemplate":"https:\/\/www.coulissesduchef.com\/site\/?s={search_term_string}"},"query-input":{"@type":"PropertyValueSpecification","valueRequired":true,"valueName":"search_term_string"}}],"inLanguage":"fr-FR"},{"@type":"Person","@id":"https:\/\/www.coulissesduchef.com\/site\/#\/schema\/person\/63b46e062c5eee31b00b2dc2b2ee6ed0","name":"Olivier","image":{"@type":"ImageObject","inLanguage":"fr-FR","@id":"https:\/\/secure.gravatar.com\/avatar\/dc4457e6a665885e9390bcb5066995c540255668e764c5d714d2cc50c2767b8a?s=96&d=mm&r=g","url":"https:\/\/secure.gravatar.com\/avatar\/dc4457e6a665885e9390bcb5066995c540255668e764c5d714d2cc50c2767b8a?s=96&d=mm&r=g","contentUrl":"https:\/\/secure.gravatar.com\/avatar\/dc4457e6a665885e9390bcb5066995c540255668e764c5d714d2cc50c2767b8a?s=96&d=mm&r=g","caption":"Olivier"},"url":"https:\/\/www.coulissesduchef.com\/site\/author\/aid91\/"}]}},"_links":{"self":[{"href":"https:\/\/www.coulissesduchef.com\/site\/wp-json\/wp\/v2\/posts\/1125","targetHints":{"allow":["GET"]}}],"collection":[{"href":"https:\/\/www.coulissesduchef.com\/site\/wp-json\/wp\/v2\/posts"}],"about":[{"href":"https:\/\/www.coulissesduchef.com\/site\/wp-json\/wp\/v2\/types\/post"}],"author":[{"embeddable":true,"href":"https:\/\/www.coulissesduchef.com\/site\/wp-json\/wp\/v2\/users\/2"}],"replies":[{"embeddable":true,"href":"https:\/\/www.coulissesduchef.com\/site\/wp-json\/wp\/v2\/comments?post=1125"}],"version-history":[{"count":0,"href":"https:\/\/www.coulissesduchef.com\/site\/wp-json\/wp\/v2\/posts\/1125\/revisions"}],"wp:attachment":[{"href":"https:\/\/www.coulissesduchef.com\/site\/wp-json\/wp\/v2\/media?parent=1125"}],"wp:term":[{"taxonomy":"category","embeddable":true,"href":"https:\/\/www.coulissesduchef.com\/site\/wp-json\/wp\/v2\/categories?post=1125"},{"taxonomy":"post_tag","embeddable":true,"href":"https:\/\/www.coulissesduchef.com\/site\/wp-json\/wp\/v2\/tags?post=1125"}],"curies":[{"name":"wp","href":"https:\/\/api.w.org\/{rel}","templated":true}]}}